{"id":11125,"date":"2025-04-13T09:10:41","date_gmt":"2025-04-13T07:10:41","guid":{"rendered":"https:\/\/www.ulisseland.com\/journal\/?p=11125"},"modified":"2025-04-15T18:21:47","modified_gmt":"2025-04-15T16:21:47","slug":"formia-la-sua-storia-stemmi-di-renato-marchese","status":"publish","type":"post","link":"https:\/\/www.ulisseland.com\/journal\/formia-la-sua-storia-stemmi-di-renato-marchese\/","title":{"rendered":"FORMIA: La sua storia, stemmi, di Renato Marchese"},"content":{"rendered":"<h2 style=\"text-align: center;\"><strong>FORMIA E IL SUO STEMMA : 160 ANNI DI STORIA,<img loading=\"lazy\" decoding=\"async\" class=\"alignleft size-medium wp-image-11132\" src=\"https:\/\/www.ulisseland.com\/journal\/wp-content\/uploads\/2025\/04\/STEMMA_B-300x261.jpg\" alt=\"\" width=\"300\" height=\"261\" srcset=\"https:\/\/www.ulisseland.com\/journal\/wp-content\/uploads\/2025\/04\/STEMMA_B-300x261.jpg 300w, https:\/\/www.ulisseland.com\/journal\/wp-content\/uploads\/2025\/04\/STEMMA_B-768x669.jpg 768w, https:\/\/www.ulisseland.com\/journal\/wp-content\/uploads\/2025\/04\/STEMMA_B.jpg 852w\" sizes=\"auto, (max-width: 300px) 100vw, 300px\" \/><\/strong><\/h2>\n<h2 style=\"text-align: center;\"><strong>SIMBOLISMO E SPERANZA DI RINASCITA<\/strong><br \/>\n<strong>di Renato marchese<\/strong><\/h2>\n<p>&nbsp;<\/p>\n<p>&nbsp;<\/p>\n<p>&nbsp;<\/p>\n<p>&nbsp;<\/p>\n<p><img loading=\"lazy\" decoding=\"async\" class=\"alignleft size-medium wp-image-11131\" src=\"https:\/\/www.ulisseland.com\/journal\/wp-content\/uploads\/2025\/04\/STEMMA-A-297x300.jpg\" alt=\"\" width=\"297\" height=\"300\" srcset=\"https:\/\/www.ulisseland.com\/journal\/wp-content\/uploads\/2025\/04\/STEMMA-A-297x300.jpg 297w, https:\/\/www.ulisseland.com\/journal\/wp-content\/uploads\/2025\/04\/STEMMA-A-1013x1024.jpg 1013w, https:\/\/www.ulisseland.com\/journal\/wp-content\/uploads\/2025\/04\/STEMMA-A-768x777.jpg 768w, https:\/\/www.ulisseland.com\/journal\/wp-content\/uploads\/2025\/04\/STEMMA-A-1519x1536.jpg 1519w, https:\/\/www.ulisseland.com\/journal\/wp-content\/uploads\/2025\/04\/STEMMA-A.jpg 2025w\" sizes=\"auto, (max-width: 297px) 100vw, 297px\" \/><\/p>\n<p>Quest&#8217;anno ricorre un anniversario di grande valore simbolico per la citt\u00e0 di Formia: i 160 anni dall&#8217;adozione ufficiale del suo stemma civico. Questo emblema, carico di storia e significato, fu originariamente concepito e disegnato nel XIX secolo dal talento formiano Pasquale Mattej, pittore vissuto nell&#8217;Ottocento, che seppe condensare in un&#8217;immagine potente l&#8217;essenza e la resilienza della sua citt\u00e0 natale.<br \/>\nLo stemma storico, cos\u00ec come ideato dal Mattej, presenta una composizione ricca di elementi allegorici. Al centro campeggia l&#8217;Araba Fenice, mitologico uccello di fuoco simbolo per eccellenza di rinascita, raffigurata nell&#8217;atto di risorgere dalle proprie ceneri. Questa figura \u00e8 inscritta in uno scudo dal campo azzurro, bordato da una scacchiera che alterna i tre colori della bandiera italiana: verde, bianco e rosso. Nell&#8217;angolo superiore sinistro dello scudo (destro araldico), un sole raggiante infonde luce e calore alla scena. L&#8217;insieme \u00e8 timbrato da una corona muraria dorata, simbolo dello status di Citt\u00e0. A incorniciare inferiormente lo scudo vi sono due fronde (spesso interpretate come alloro o palma, simboli di gloria e vittoria), incrociate e legate da un nastro porpora svolazzante. Su questo nastro \u00e8 impresso il motto latino che suggella l&#8217;intera composizione e ne chiarisce il messaggio fondamentale: &#8220;Post Fata Resurgo&#8221;.<br \/>\nQuesta frase, &#8220;Dopo le avversit\u00e0 (il fato), risorgo&#8221;, non \u00e8 una mera scelta retorica, ma affonda le sue radici nelle vicissitudini storiche di Formia. Essa commemora la straordinaria capacit\u00e0 della citt\u00e0 di risollevarsi dopo eventi catastrofici, come la distruzione subita ad opera dei Saraceni nel IX secolo e, in tempi pi\u00f9 recenti, le profonde ferite inferte durante la Seconda Guerra Mondiale. Lo stemma diviene cos\u00ec un testamento perenne alla tenacia e allo spirito indomito della comunit\u00e0 formiana.<br \/>\nTuttavia, questo potente simbolo di rinascita si confronta oggi con una realt\u00e0 complessa. Dopo un periodo di notevole splendore nel dopoguerra, durante il quale Formia si afferm\u00f2 come centro turistico e artistico di rilievo, gli ultimi quarant&#8217;anni circa hanno segnato, secondo l&#8217;osservazione di molti cittadini, un progressivo declino. Si avverte la sensazione che amministrazioni succedutesi nel tempo abbiano privilegiato interessi particolari, trascurando il benessere collettivo e il patrimonio storico-culturale della citt\u00e0. Questa percezione di abbandono ha contribuito a un appannamento dell&#8217;identit\u00e0 storica e turistica che aveva reso Formia celebre e apprezzata fino alla fine degli anni Settanta.<br \/>\n\u00c8 proprio da questa constatazione, unita a un profondo legame con la mia citt\u00e0 natale, che nasce il desiderio di riproporre lo stemma in una veste nuova, non per sostituire l&#8217;originale, ma per infondere una rinnovata speranza. In occasione di questo 160\u00b0 anniversario, ho voluto creare una mia interpretazione pittorica dell&#8217;emblema, concepita come un auspicio per una nuova rinascita artistico-culturale che possa ridare lustro e importanza a Formia.<br \/>\nNella mia versione, l&#8217;Araba Fenice assume un ruolo ancora pi\u00f9 centrale e dinamico: \u00e8 raffigurata con tratti pi\u00f9 definiti, un aspetto pi\u00f9 fiero e quasi &#8220;spavaldo&#8221;, nell&#8217;atto di emergere con forza dallo scudo tricolore, quasi a simboleggiare una volont\u00e0 di superare i confini attuali e proiettarsi verso un futuro pi\u00f9 luminoso. Il sole continua a splendere, forse con intensit\u00e0 ancora maggiore, irradiando la sua luce anche dietro la figura principale, come simbolo di una speranza che non si spegne.<br \/>\nQuesto mio lavoro vuole essere un umile contributo, un augurio affinch\u00e9 Formia possa ritrovare la sua vocazione artistica, culturale e, soprattutto, turistica, riscoprendo e valorizzando le qualit\u00e0 che l&#8217;hanno resa speciale nel passato. Che lo spirito indomito della Fenice, racchiuso nel motto &#8220;Post Fata Resurgo&#8221;, possa davvero ispirare una nuova stagione di crescita e consapevolezza per tutta la comunit\u00e0 formiana.<\/p>\n<p>Nelle immagini lo stemma originale realizzato da Pasquale Mattej e la mia rielaborazione pittorica.<\/p>\n<p>Edito da Luigi Cocomello &#8211;<\/p>\n","protected":false},"excerpt":{"rendered":"<p>FORMIA E IL SUO STEMMA : 160 ANNI DI STORIA, SIMBOLISMO E SPERANZA DI RINASCITA di Renato marchese &nbsp; &nbsp; &nbsp; &nbsp; Quest&#8217;anno ricorre un anniversario di grande valore simbolico per la citt\u00e0 di Formia: i 160 anni dall&#8217;adozione ufficiale del suo stemma civico. Questo emblema, carico di storia e significato, fu originariamente concepito e<\/p>\n","protected":false},"author":1,"featured_media":0,"comment_status":"closed","ping_status":"open","sticky":false,"template":"","format":"standard","meta":{"footnotes":""},"categories":[14,10],"tags":[],"class_list":["post-11125","post","type-post","status-publish","format-standard","hentry","category-comune-di-formia","category-editoriale"],"_links":{"self":[{"href":"https:\/\/www.ulisseland.com\/journal\/wp-json\/wp\/v2\/posts\/11125","targetHints":{"allow":["GET"]}}],"collection":[{"href":"https:\/\/www.ulisseland.com\/journal\/wp-json\/wp\/v2\/posts"}],"about":[{"href":"https:\/\/www.ulisseland.com\/journal\/wp-json\/wp\/v2\/types\/post"}],"author":[{"embeddable":true,"href":"https:\/\/www.ulisseland.com\/journal\/wp-json\/wp\/v2\/users\/1"}],"replies":[{"embeddable":true,"href":"https:\/\/www.ulisseland.com\/journal\/wp-json\/wp\/v2\/comments?post=11125"}],"version-history":[{"count":5,"href":"https:\/\/www.ulisseland.com\/journal\/wp-json\/wp\/v2\/posts\/11125\/revisions"}],"predecessor-version":[{"id":11134,"href":"https:\/\/www.ulisseland.com\/journal\/wp-json\/wp\/v2\/posts\/11125\/revisions\/11134"}],"wp:attachment":[{"href":"https:\/\/www.ulisseland.com\/journal\/wp-json\/wp\/v2\/media?parent=11125"}],"wp:term":[{"taxonomy":"category","embeddable":true,"href":"https:\/\/www.ulisseland.com\/journal\/wp-json\/wp\/v2\/categories?post=11125"},{"taxonomy":"post_tag","embeddable":true,"href":"https:\/\/www.ulisseland.com\/journal\/wp-json\/wp\/v2\/tags?post=11125"}],"curies":[{"name":"wp","href":"https:\/\/api.w.org\/{rel}","templated":true}]}}