{"id":11044,"date":"2025-02-05T16:50:45","date_gmt":"2025-02-05T15:50:45","guid":{"rendered":"https:\/\/www.ulisseland.com\/journal\/?p=11044"},"modified":"2025-02-05T16:51:31","modified_gmt":"2025-02-05T15:51:31","slug":"spigno-saturnia-celebra-il-25-aprile-67-della-liberazione-2","status":"publish","type":"post","link":"https:\/\/www.ulisseland.com\/journal\/spigno-saturnia-celebra-il-25-aprile-67-della-liberazione-2\/","title":{"rendered":"SPIGNO SATURNIA\u00a0 CELEBRA IL 25 APRILE \u2013 67\u00b0 della LIBERAZIONE"},"content":{"rendered":"<h2 style=\"text-align: center;\"><strong>SPIGNO SATURNIA\u00a0 CELEBRA IL 25 APRILE \u2013 67\u00b0 della LIBERAZIONE<\/strong><\/h2>\n<p><strong>FOTO 1<\/strong><\/p>\n<p><img loading=\"lazy\" decoding=\"async\" class=\"alignleft size-medium wp-image-11045\" src=\"https:\/\/www.ulisseland.com\/journal\/wp-content\/uploads\/2025\/02\/FOTO-1-300x225.jpg\" alt=\"\" width=\"300\" height=\"225\" srcset=\"https:\/\/www.ulisseland.com\/journal\/wp-content\/uploads\/2025\/02\/FOTO-1-300x225.jpg 300w, https:\/\/www.ulisseland.com\/journal\/wp-content\/uploads\/2025\/02\/FOTO-1-768x576.jpg 768w, https:\/\/www.ulisseland.com\/journal\/wp-content\/uploads\/2025\/02\/FOTO-1.jpg 800w\" sizes=\"auto, (max-width: 300px) 100vw, 300px\" \/><\/p>\n<p>&nbsp;<\/p>\n<p>In una splendida giornata di\u00a0 sole,\u00a0 dopo giornate di pioggia di questi prime tre settimane di aprile, molto utili per la sua vasta campagna,\u00a0 a Spigno Saturnia \u00e8 stata celebrato il 67\u00b0 anniversario della Liberazione. Con due manifestazioni: alle ore 9,00 con un corteo a Spigno Saturnia Superiore, culminato con la deposizione di una corona di fiori al cippo che ricorda i Caduti di tutti le guerre all\u2019ingresso del Cimitero Comunale, e la seconda a Spigno Nuovo.<\/p>\n<p>&nbsp;<\/p>\n<p>&nbsp;<\/p>\n<p><strong>FOTO 2 <img loading=\"lazy\" decoding=\"async\" class=\"alignleft size-medium wp-image-11046\" src=\"https:\/\/www.ulisseland.com\/journal\/wp-content\/uploads\/2025\/02\/FOTO-2-300x225.jpg\" alt=\"\" width=\"300\" height=\"225\" srcset=\"https:\/\/www.ulisseland.com\/journal\/wp-content\/uploads\/2025\/02\/FOTO-2-300x225.jpg 300w, https:\/\/www.ulisseland.com\/journal\/wp-content\/uploads\/2025\/02\/FOTO-2-768x576.jpg 768w, https:\/\/www.ulisseland.com\/journal\/wp-content\/uploads\/2025\/02\/FOTO-2.jpg 800w\" sizes=\"auto, (max-width: 300px) 100vw, 300px\" \/><\/strong><\/p>\n<p>L\u2019Assessore alla Cultura e Istruzione Ins. Pia Orgera, che ha rappresentato il Sindaco Franco Simeone, temporaneamente indisposto, dopo aver deposto una corona di fiori davanti la stele che ricorda i martiri di Cefalonia in Piazza Dante, con un corteo aperto dal labaro comunale e dalle bandiere delle Associazioni intervenute, la cerimonia si \u00e8 spostata davanti alla stele dedicata recentemente ai caduti di tutte le guerre e delle missioni.<\/p>\n<p>&nbsp;<\/p>\n<p>&nbsp;<\/p>\n<p><strong>FOTO3 <img loading=\"lazy\" decoding=\"async\" class=\"alignleft size-medium wp-image-11047\" src=\"https:\/\/www.ulisseland.com\/journal\/wp-content\/uploads\/2025\/02\/FOTO-3-300x225.jpg\" alt=\"\" width=\"300\" height=\"225\" srcset=\"https:\/\/www.ulisseland.com\/journal\/wp-content\/uploads\/2025\/02\/FOTO-3-300x225.jpg 300w, https:\/\/www.ulisseland.com\/journal\/wp-content\/uploads\/2025\/02\/FOTO-3-768x576.jpg 768w, https:\/\/www.ulisseland.com\/journal\/wp-content\/uploads\/2025\/02\/FOTO-3.jpg 800w\" sizes=\"auto, (max-width: 300px) 100vw, 300px\" \/><\/strong><\/p>\n<p>Qui, dopo la deposizione di una corona di alloro, con la diffusione dell\u2019inno di Mameli e musiche della ricorrenza, \u00e8 stata altres\u00ec diffusa la preghiera del soldato. E\u2019 intervenuto il Presidente dell\u2019Associazione locale Combattenti e Reduci Sig. Domenico Vezza il cui testo del discorso pubblichiamo integralmente di seguito. L\u2019Assessore Orgera, presente anche l\u2019Assessore ai Lavori Pubblici Geom. Gianni\u00a0 Ceschi, ha ricordato le vicende storiche cha hanno portato\u00a0 al 25 Aprile 1945 alla liberazione dell\u2019Italia dal nazifascismo ridando all\u2019Italia la libert\u00e0, la\u00a0 democrazia ed una nuova Costituzione fondata sul lavoro, base della Repubblica. Ha esortato le famiglie a partecipare pi\u00f9 attivamente a queste manifestazioni\u00a0 e a mantenere vivo il ricordo del sacrificio di tanti che hanno sacrificato la vita per la libert\u00e0 e la pace. I giovani devono essere costantemente educati\u00a0 a questi principi, fondamentali per far crescere una societ\u00e0 libera e consapevole.<\/p>\n<p><strong>FOTO 4 <img loading=\"lazy\" decoding=\"async\" class=\"alignleft size-medium wp-image-11048\" src=\"https:\/\/www.ulisseland.com\/journal\/wp-content\/uploads\/2025\/02\/FOTO-4-300x225.jpg\" alt=\"\" width=\"300\" height=\"225\" srcset=\"https:\/\/www.ulisseland.com\/journal\/wp-content\/uploads\/2025\/02\/FOTO-4-300x225.jpg 300w, https:\/\/www.ulisseland.com\/journal\/wp-content\/uploads\/2025\/02\/FOTO-4-768x576.jpg 768w, https:\/\/www.ulisseland.com\/journal\/wp-content\/uploads\/2025\/02\/FOTO-4.jpg 800w\" sizes=\"auto, (max-width: 300px) 100vw, 300px\" \/><\/strong><\/p>\n<p>Alla cerimonia hanno preso parte, in rappresentanza della Caserma dei Carabinieri di Minturno il Sottotenente\u00a0 Carlo Varlese e l\u2019App.to Scelto Maurizio Persico. I rappresentanti della locale Sezione dei Carabinieri in congedo, dipendenti Comunali, i rappresentanti della Protezione Civile ed il Presidente del Circolo Anziani\u00a0 Angelo Messore. Il Presidente dell\u2019Associazione Combattenti e Reduci\u00a0 Domenico Vezza ha portato il contributo che di seguito riportiamo integralmente:<\/p>\n<p>&nbsp;<\/p>\n<p>&nbsp;<\/p>\n<p><strong> <img loading=\"lazy\" decoding=\"async\" class=\"alignleft size-medium wp-image-11049\" src=\"https:\/\/www.ulisseland.com\/journal\/wp-content\/uploads\/2025\/02\/FOTO-5-300x232.jpg\" alt=\"\" width=\"300\" height=\"232\" srcset=\"https:\/\/www.ulisseland.com\/journal\/wp-content\/uploads\/2025\/02\/FOTO-5-300x232.jpg 300w, https:\/\/www.ulisseland.com\/journal\/wp-content\/uploads\/2025\/02\/FOTO-5-768x593.jpg 768w, https:\/\/www.ulisseland.com\/journal\/wp-content\/uploads\/2025\/02\/FOTO-5.jpg 800w\" sizes=\"auto, (max-width: 300px) 100vw, 300px\" \/>FOTO 5<\/strong><\/p>\n<p>\u201c\u201d\u201dnel commemorare i Caduti di tutte le guerre, nella ricorrenza del 67\u00b0 anniversario della Liberazione, porgo un cordiale saluto al Sig. Sindaco, all\u2019Amministrazione Comunale, al Comando Stazione Carabinieri di Minturno,\u00a0 al Comando Vigili Urbani, alla Sezione Carabinieri in congedo, all\u2019Associazione Protezione Civile, e a voi tutti qui intervenuti. Non mi dilungo sul significato della ricorrenza che stiamo celebrando perch\u00e9 tutti\u00a0 la conosciamo ed entro a dire che stiamo ancora nel pieno dei festeggiamenti per il 150\u00b0 anniversario dell\u2019Unit\u00e0 d\u2019Italia, per la precisione dalla Costituzione del Regno d\u2019Italia, poich\u00e9 ancora il Veneto, il Trentino ed il Triestino, non facevano parte del Regno d\u2019Italia, che voci contrastanti propongono e con decisione, di staccare dallo Stato Italiano il Lombardo Veneto. E\u2019 triste solo pensare con quale coraggio si facciano certe proposte. Premesso che della Padania si sente parlare solo ora, si sapeva e si sa, che la vallata che parte con il Po dal Monviso ed attraversando tutta la parte settentrionale della Penisola\u00a0 fino all\u2019Adriatico, si \u00e8 sempre parlato come Valle del Po o pianura Padana, era ed \u00e8 logico. La Padania, quindi \u00e8 inventata, non potrebbe essere solo il Lombardo Veneto ma abbraccerebbe tutte le Regioni percorse dal Po. E pensando a quanti Eroi hanno offerto la loro vita perch\u00e9 l\u2019Italia fosse libera, unita e democratica, aspirazione di tanti secoli. Noi Combattenti e Reduci per questi valori abbiamo combattuto, abbiamo sofferto, ma soprattutto abbiamo lasciato sui campi di battaglia centinaia di migliaia di nostri fratelli , che avevano come noi diritto alla vita, che invece hanno fatto olocausto della loro vita per noi tutti, perch\u00e9 se oggi viviamo in pace, in libert\u00e0, nella democrazia ed anche nel benessere che tutti godiamo, non possiamo che gridare che in Italia siamo tutti e solo Italiani, che voglia o non voglia, per i nostri fratelli caduti almeno dobbiamo essere sempre uniti sotto il simbolo sacro del tricolore. N\u00e9 oggi n\u00e9 mai possiamo tradire i nostri morti.<\/p>\n<p>Viva l\u2019Italia<\/p>\n<p>Redazionale: Luigi Cocomello<\/p>\n","protected":false},"excerpt":{"rendered":"<p>SPIGNO SATURNIA\u00a0 CELEBRA IL 25 APRILE \u2013 67\u00b0 della LIBERAZIONE FOTO 1 &nbsp; In una splendida giornata di\u00a0 sole,\u00a0 dopo giornate di pioggia di questi prime tre settimane di aprile, molto utili per la sua vasta campagna,\u00a0 a Spigno Saturnia \u00e8 stata celebrato il 67\u00b0 anniversario della Liberazione. Con due manifestazioni: alle ore 9,00 con<\/p>\n","protected":false},"author":1,"featured_media":0,"comment_status":"closed","ping_status":"open","sticky":false,"template":"","format":"standard","meta":{"footnotes":""},"categories":[1],"tags":[],"class_list":["post-11044","post","type-post","status-publish","format-standard","hentry","category-senza-categoria"],"_links":{"self":[{"href":"https:\/\/www.ulisseland.com\/journal\/wp-json\/wp\/v2\/posts\/11044","targetHints":{"allow":["GET"]}}],"collection":[{"href":"https:\/\/www.ulisseland.com\/journal\/wp-json\/wp\/v2\/posts"}],"about":[{"href":"https:\/\/www.ulisseland.com\/journal\/wp-json\/wp\/v2\/types\/post"}],"author":[{"embeddable":true,"href":"https:\/\/www.ulisseland.com\/journal\/wp-json\/wp\/v2\/users\/1"}],"replies":[{"embeddable":true,"href":"https:\/\/www.ulisseland.com\/journal\/wp-json\/wp\/v2\/comments?post=11044"}],"version-history":[{"count":1,"href":"https:\/\/www.ulisseland.com\/journal\/wp-json\/wp\/v2\/posts\/11044\/revisions"}],"predecessor-version":[{"id":11050,"href":"https:\/\/www.ulisseland.com\/journal\/wp-json\/wp\/v2\/posts\/11044\/revisions\/11050"}],"wp:attachment":[{"href":"https:\/\/www.ulisseland.com\/journal\/wp-json\/wp\/v2\/media?parent=11044"}],"wp:term":[{"taxonomy":"category","embeddable":true,"href":"https:\/\/www.ulisseland.com\/journal\/wp-json\/wp\/v2\/categories?post=11044"},{"taxonomy":"post_tag","embeddable":true,"href":"https:\/\/www.ulisseland.com\/journal\/wp-json\/wp\/v2\/tags?post=11044"}],"curies":[{"name":"wp","href":"https:\/\/api.w.org\/{rel}","templated":true}]}}