{"id":10897,"date":"2025-01-17T16:44:39","date_gmt":"2025-01-17T15:44:39","guid":{"rendered":"https:\/\/www.ulisseland.com\/journal\/?p=10897"},"modified":"2025-01-20T14:28:45","modified_gmt":"2025-01-20T13:28:45","slug":"visita-al-cimitero-con-luigino-e-francesca","status":"publish","type":"post","link":"https:\/\/www.ulisseland.com\/journal\/visita-al-cimitero-con-luigino-e-francesca\/","title":{"rendered":"VISITA AL CIMITERO con LUIGINO e FRANCESCA"},"content":{"rendered":"<h4 style=\"text-align: center;\"><strong>VISITA AL CIMITERO DI SPIGNO SATURNIA<\/strong><\/h4>\n<h4 style=\"text-align: center;\"><strong>DEI NIPOTI LUIGI E FRANCESCA<\/strong><\/h4>\n<p>Una domenica, come tante, pranzo a Spigno, come sempre nei giorni festivi. Mi venne l\u2019idea di proporre ai due nipotini la visita alla vechia dimora dei miei Nonni Stella e Crescenzo. Infatti presi la 600 di Giuditta ed andammo. Nel corso del racconto sulla coppia che aveva abitato il casolare, la vispa Francesca mi chiese: \u201cNonno Luigi, ma questi cari ora dove sono?\u201d Alla mia risposta, sono al Cimitero, prontamente Francesca: <em><u>\u201callora dobbiamo andare a trovarli\u201d<\/u><\/em>. Solo pochi attimi, la mia riflessione, e risposi, certo Cara. Ci rimettemmo in macchina e percorremmo la pedemontana di Spigno. Nel tragitto per Spigno Saturnia Superiore, alla vista del mare del Golfo di Gaeta, li invitai ad apprezzare il bel posto panoramico, dove, per merito dei nonni e genitori, loro ora vivono. Arrivati nell\u2019abitato, la prima casa \u00e8 di miei cugini Maria e Antonio, dissi ai due viaggiatori che non potevamo andare al cimitero senza fiori. Luigino balz\u00f2 subito fuori e proprio nel giardino, dei cugini, furtivamente strappo dei fiori. Francesca subito accamp\u00f2 il diritto di primogenitura, e che avrebbe dovuto portarli lei.Decidemmo, di comune accordo, che Luigino, ormai prima elementare, avrebbe letto le epigrafi e Francesca avrebbe indicata la posizione genealogica \u00a0nella famiglia, avrebbe posto un fiore insieme ad un bacio, a ciscuna tomba.<\/p>\n<table>\n<tbody>\n<tr>\n<td width=\"307\">&nbsp;<\/p>\n<p>&nbsp;<\/p>\n<p><img loading=\"lazy\" decoding=\"async\" class=\"alignleft wp-image-10913\" src=\"https:\/\/www.ulisseland.com\/journal\/wp-content\/uploads\/2025\/01\/1-2.png\" alt=\"\" width=\"290\" height=\"274\" \/><\/p>\n<p>&nbsp;<\/p>\n<p>&nbsp;<\/p>\n<p>&nbsp;<\/p>\n<p>&nbsp;<\/p>\n<p>&nbsp;<\/p>\n<table>\n<tbody>\n<tr>\n<td style=\"text-align: center;\" width=\"271\"><em>Ingresso del cimitero<\/em><\/td>\n<\/tr>\n<\/tbody>\n<\/table>\n<\/td>\n<td width=\"546\"><em>\u00a0<\/em><\/p>\n<p><em>Proprio in questo punto, all\u2019ingresso, Francesca, la mano sinistra nella mia, e nell\u2019altra i fiori, come una eroina, si gir\u00f2 verso di me , e con tono deciso mi sussurr\u00f2: <strong>Nonno, ma a te quando ti portano qui?<\/strong><\/em><\/p>\n<p><em>Non mi persi d\u2019animo e, immediatament, le risposi: (in Spignese)<\/em><\/p>\n<p><strong><em>\u201c ma vattene a fanculo, tu, patete e mammeta\u201d !!!!<\/em><\/strong><\/p>\n<p><em>(Tradotto: Vai a quel paese tu, tuo padre e tua madre)<\/em><\/p>\n<p><em>Penso che la risposta serv\u00ec per farle capire che l\u2019aveva detta grossa.<\/em><\/td>\n<\/tr>\n<tr>\n<td width=\"307\"><img loading=\"lazy\" decoding=\"async\" class=\"size-medium wp-image-10904 aligncenter\" src=\"https:\/\/www.ulisseland.com\/journal\/wp-content\/uploads\/2025\/01\/2-1-223x300.png\" alt=\"\" width=\"223\" height=\"300\" srcset=\"https:\/\/www.ulisseland.com\/journal\/wp-content\/uploads\/2025\/01\/2-1-223x300.png 223w, https:\/\/www.ulisseland.com\/journal\/wp-content\/uploads\/2025\/01\/2-1.png 231w\" sizes=\"auto, (max-width: 223px) 100vw, 223px\" \/><\/p>\n<p style=\"text-align: center;\">Stele Caduto in guerra<\/p>\n<\/td>\n<td width=\"546\"><em>Come tutte le volte che con Giuditta ci rechiamo al Cimitero, la prima visita \u00e8 per la stele, all\u2019ingresso, che i Cittadini Spignesi, posero a ricordo di un soldato ignoto caduto nella ultima guerra mondiale. Per la nostra famiglia la stele identifica, idealmente, la tomba di mio Padre Erasmo Antonio, disperso nel\u2019eccidio di Cefalonia (Grecia) perpetrato dai nazisti, in Italia, a guerra ormai finita. L\u2019ultima lettera di Pap\u00e0, indirizzata a Mamma Francesca reca la data di agosto 1943 (io avevo giusto un anno) nella quale si raccomanda di portarmi alla fiera della Madonna del Piano (Ausonia)e di comprarmi una armonica a bocca per distrarmi. Due notazioni: 1 \u2013 L\u2019arminica a bocca \u00e8 divenuta negli anni la mia passione, ne ho ancora una piccola collezione.<\/em><\/td>\n<\/tr>\n<tr>\n<td width=\"307\">\n<p style=\"text-align: center;\"><img loading=\"lazy\" decoding=\"async\" class=\"size-medium wp-image-10905 aligncenter\" src=\"https:\/\/www.ulisseland.com\/journal\/wp-content\/uploads\/2025\/01\/3-225x300.png\" alt=\"\" width=\"225\" height=\"300\" srcset=\"https:\/\/www.ulisseland.com\/journal\/wp-content\/uploads\/2025\/01\/3-225x300.png 225w, https:\/\/www.ulisseland.com\/journal\/wp-content\/uploads\/2025\/01\/3.png 289w\" sizes=\"auto, (max-width: 225px) 100vw, 225px\" \/><\/p>\n<p style=\"text-align: center;\">Bisnonna Gemma<\/p>\n<\/td>\n<td width=\"546\"><em>Ci volle un poco per identificare Nonna Gemma Meta, per la mancata coincidenza con i Cocomello. Anche qui fiore e bacetto. Luigino, per\u00f2, conoscendo gi\u00e0 l\u2019itinerario di visita, annunci\u00f2 che la prossima sarebbe stata la tomba della Nonna Francesca. Seguirono le imprecazioni di lei. Infatti sosteneva che era stata lei a promuovere la visita, che la Nonna le aveva trasmesso il nome, \u00a0e lei la doveva \u00a0raggiungerla per prima.<\/em><\/td>\n<\/tr>\n<tr>\n<td style=\"text-align: center;\" width=\"307\">Nonna Francesca<img loading=\"lazy\" decoding=\"async\" class=\"alignleft size-medium wp-image-10906\" src=\"https:\/\/www.ulisseland.com\/journal\/wp-content\/uploads\/2025\/01\/4-300x228.png\" alt=\"\" width=\"300\" height=\"228\" srcset=\"https:\/\/www.ulisseland.com\/journal\/wp-content\/uploads\/2025\/01\/4-300x228.png 300w, https:\/\/www.ulisseland.com\/journal\/wp-content\/uploads\/2025\/01\/4.png 498w\" sizes=\"auto, (max-width: 300px) 100vw, 300px\" \/><\/td>\n<td width=\"546\"><em>La lapide di Nonna Fracesca si trova in alto, per cui alzai lei sulle mie spalle, mise il fiore, e il saluto fu confidenziale:<\/em><\/p>\n<p><em>\u2026.Nonna cara, sono io che ho deciso di venirti a trovare, ciao, ciao\u2026\u2026<\/em><\/td>\n<\/tr>\n<tr>\n<td style=\"text-align: center;\" width=\"307\">ZioGuido<img loading=\"lazy\" decoding=\"async\" class=\"alignleft size-medium wp-image-10909\" src=\"https:\/\/www.ulisseland.com\/journal\/wp-content\/uploads\/2025\/01\/7-300x206.jpg\" alt=\"\" width=\"300\" height=\"206\" srcset=\"https:\/\/www.ulisseland.com\/journal\/wp-content\/uploads\/2025\/01\/7-300x206.jpg 300w, https:\/\/www.ulisseland.com\/journal\/wp-content\/uploads\/2025\/01\/7-1024x702.jpg 1024w, https:\/\/www.ulisseland.com\/journal\/wp-content\/uploads\/2025\/01\/7-768x526.jpg 768w, https:\/\/www.ulisseland.com\/journal\/wp-content\/uploads\/2025\/01\/7.jpg 1058w\" sizes=\"auto, (max-width: 300px) 100vw, 300px\" \/><\/td>\n<td width=\"546\"><em>Zio Guido, fu facile la identificazione in quanto Cocomello: Fiore, bacio e saluto come con tutti.<\/em><\/td>\n<\/tr>\n<tr>\n<td style=\"text-align: center;\" width=\"307\">Zii Domenico e Sophia<img loading=\"lazy\" decoding=\"async\" class=\"alignleft size-medium wp-image-10907\" src=\"https:\/\/www.ulisseland.com\/journal\/wp-content\/uploads\/2025\/01\/8-300x225.jpg\" alt=\"\" width=\"300\" height=\"225\" srcset=\"https:\/\/www.ulisseland.com\/journal\/wp-content\/uploads\/2025\/01\/8-300x225.jpg 300w, https:\/\/www.ulisseland.com\/journal\/wp-content\/uploads\/2025\/01\/8-1024x768.jpg 1024w, https:\/\/www.ulisseland.com\/journal\/wp-content\/uploads\/2025\/01\/8-768x576.jpg 768w, https:\/\/www.ulisseland.com\/journal\/wp-content\/uploads\/2025\/01\/8-1536x1152.jpg 1536w, https:\/\/www.ulisseland.com\/journal\/wp-content\/uploads\/2025\/01\/8.jpg 1600w\" sizes=\"auto, (max-width: 300px) 100vw, 300px\" \/><\/td>\n<td width=\"546\"><em>Ci volle molto pi\u00f9 tempo per spiegare che lo Zio Domenico, aveva preso moglie, di nome Sophia, in Sud Africa, a Johannesburg. Dopo averlo capito, fiore e due bacetti.<\/em><\/td>\n<\/tr>\n<tr>\n<td width=\"307\"><img loading=\"lazy\" decoding=\"async\" class=\" wp-image-10927 aligncenter\" src=\"https:\/\/www.ulisseland.com\/journal\/wp-content\/uploads\/2025\/01\/Zio-Erasmo.png\" alt=\"\" width=\"259\" height=\"188\" \/><\/td>\n<td width=\"546\"><em>Sulla tomba di mio Cugino Erasmo, non rieso mai a trattenere la mia emozione. Lui \u00e8 stato come un Fratello, per me, al quale era stato dato il nome storico dei Cocomello (Erasmo) come mio Padre, ed il nostro Bisnonno.Lui mi fa ricordare quando tornando da uno dei tanti viaggi, port\u00f2 una bella bambola artistica, e Francesca si crucci\u00f2, non avendole portato una barby. In modo risolto le afferm\u00f2, mica glielo ordinata io una bambola cos\u00ec..!!!<\/em><\/td>\n<\/tr>\n<tr>\n<td width=\"307\"><img loading=\"lazy\" decoding=\"async\" class=\"alignleft size-medium wp-image-10926\" src=\"https:\/\/www.ulisseland.com\/journal\/wp-content\/uploads\/2025\/01\/Bisnonno-Luigi-300x210.jpg\" alt=\"\" width=\"300\" height=\"210\" srcset=\"https:\/\/www.ulisseland.com\/journal\/wp-content\/uploads\/2025\/01\/Bisnonno-Luigi-300x210.jpg 300w, https:\/\/www.ulisseland.com\/journal\/wp-content\/uploads\/2025\/01\/Bisnonno-Luigi-1024x718.jpg 1024w, https:\/\/www.ulisseland.com\/journal\/wp-content\/uploads\/2025\/01\/Bisnonno-Luigi-768x539.jpg 768w, https:\/\/www.ulisseland.com\/journal\/wp-content\/uploads\/2025\/01\/Bisnonno-Luigi.jpg 1089w\" sizes=\"auto, (max-width: 300px) 100vw, 300px\" \/><\/td>\n<td width=\"546\"><em>Qui ci volle poco per capire che si trattava del Nonno che aveva dato il nome a me e al fratello. Quindi fiore e bacio. Ma al saluto al mio dire, rivolto a Luigino esclamai : ma al Nonno Luigi piacevono molto le donne. Immediata fu anche la risposta: \u201canche a me\u201d. E pensai:\u00a0 meno male che buon sangue non mente.<\/em><\/td>\n<\/tr>\n<tr>\n<td width=\"307\"><img loading=\"lazy\" decoding=\"async\" class=\"alignleft size-medium wp-image-10928\" src=\"https:\/\/www.ulisseland.com\/journal\/wp-content\/uploads\/2025\/01\/Bisnonno-Crescenzo-300x250.jpg\" alt=\"\" width=\"300\" height=\"250\" srcset=\"https:\/\/www.ulisseland.com\/journal\/wp-content\/uploads\/2025\/01\/Bisnonno-Crescenzo-300x250.jpg 300w, https:\/\/www.ulisseland.com\/journal\/wp-content\/uploads\/2025\/01\/Bisnonno-Crescenzo-1024x853.jpg 1024w, https:\/\/www.ulisseland.com\/journal\/wp-content\/uploads\/2025\/01\/Bisnonno-Crescenzo-768x640.jpg 768w, https:\/\/www.ulisseland.com\/journal\/wp-content\/uploads\/2025\/01\/Bisnonno-Crescenzo.jpg 1077w\" sizes=\"auto, (max-width: 300px) 100vw, 300px\" \/><\/td>\n<td width=\"546\"><em>Per Nonno Crescenzo, ci volle molto per venire a capo di chi si trattasse. Fui costretto a farle capire che aveva lo stesso cognome di Nonna Franesca e che anche la sua Mamma aveva un cognome di verso da quello di suo Pap\u00e0 (Grande invece di Cocomello). Quindi anche a Nonno Crescanzo fiore e bacio, ricordandosi che avevo vissuto il casolare, insieme a Nonna Stella,\u00a0 visitato la mattina,<\/em><\/td>\n<\/tr>\n<tr>\n<td width=\"307\"><img loading=\"lazy\" decoding=\"async\" class=\"alignleft size-medium wp-image-10930\" src=\"https:\/\/www.ulisseland.com\/journal\/wp-content\/uploads\/2025\/01\/Zia-Sabina-e-Bisnonna-Clotilde-300x247.png\" alt=\"\" width=\"300\" height=\"247\" srcset=\"https:\/\/www.ulisseland.com\/journal\/wp-content\/uploads\/2025\/01\/Zia-Sabina-e-Bisnonna-Clotilde-300x247.png 300w, https:\/\/www.ulisseland.com\/journal\/wp-content\/uploads\/2025\/01\/Zia-Sabina-e-Bisnonna-Clotilde.png 373w\" sizes=\"auto, (max-width: 300px) 100vw, 300px\" \/><\/td>\n<td width=\"546\"><em>Anche qui ci volle poco a farle capire che si trattava della Nonna di mio Padre (Clotilde a quei tempi nominativo nobiliare, insieme a Sua Figlia Elisabetta. L\u2019abbiamo sempre chamata Sabina. Le spigai che mi aveva lasciato in Eredit\u00e0 la sua vecchia casa che avrei poi lasciata ad Erasmo, e in definitiva a Lei (come poi \u00e8 stato) ma le precisai che il fatto che nella foto fosse tanto imbronciata era perch\u00e9 il padre Erasmo non aveva disboscato i tanti arbusti cresciuti intorno alla casa stessa. Al ritorno a casa face una dura reprimenda a suo Pap\u00e0. Nonna Clotilde invece scomparve che io ero ragazzino ma il suo ricordo di vecchietta molto garbata \u00e8 rimasto in me indelebile.<\/em><\/td>\n<\/tr>\n<tr>\n<td width=\"307\">\n<p><figure id=\"attachment_10932\" aria-describedby=\"caption-attachment-10932\" style=\"width: 77px\" class=\"wp-caption aligncenter\"><img loading=\"lazy\" decoding=\"async\" class=\" wp-image-10932\" src=\"https:\/\/www.ulisseland.com\/journal\/wp-content\/uploads\/2025\/01\/Lapide-Nonna-Stella-135x300.jpg\" alt=\"\" width=\"77\" height=\"171\" srcset=\"https:\/\/www.ulisseland.com\/journal\/wp-content\/uploads\/2025\/01\/Lapide-Nonna-Stella-135x300.jpg 135w, https:\/\/www.ulisseland.com\/journal\/wp-content\/uploads\/2025\/01\/Lapide-Nonna-Stella-461x1024.jpg 461w, https:\/\/www.ulisseland.com\/journal\/wp-content\/uploads\/2025\/01\/Lapide-Nonna-Stella-768x1708.jpg 768w, https:\/\/www.ulisseland.com\/journal\/wp-content\/uploads\/2025\/01\/Lapide-Nonna-Stella-691x1536.jpg 691w, https:\/\/www.ulisseland.com\/journal\/wp-content\/uploads\/2025\/01\/Lapide-Nonna-Stella.jpg 921w\" sizes=\"auto, (max-width: 77px) 100vw, 77px\" \/><figcaption id=\"caption-attachment-10932\" class=\"wp-caption-text\">Bisnonna Stella<\/figcaption><\/figure><\/td>\n<td width=\"546\"><em>Qui la visita avrebbe avuto \u00a0un epilogo molto, molto interessante. Intanto la spiegazione sul nome (Vento Maria Stella) di famiglia benestente in una abitzione a Signo Superiore dalla quale io ho preso l\u2019architrave con le iniziali del casato, lo stesso che ora \u00e8 diventato il portale della nosra casa. Lei mi fece notare i bellissimi orecchini che Nonna Stella indossa nella foto.Ci fu da parte mia uno sproloquio per farla ancora di pi\u00f9 meditare sulla bont\u00e0 dell\u2019oggetto. Le dissi che li aveva lasciati alla Nonna Giuditta. Le feci la descrizione di quando la Nonna Giuditta li indossava in momenti di festa e le dissi: ogni volta mi fa \u201cmorire\u201d quando su gonne lunghe, capelli tirati in su, ben pettinati, con il visone black regalato da Nonna Francesca, lei mi appariva incantevole. Bast\u00f2 quest descrizione perche a circa 50 metri da casa, al rientro, lei rivolta a Giuditta: \u201c Nonna, gli orecchini di Nonna Stella, ora dove sono??A disanza di pochi\u00a0 anni sono diventati di sua propriet\u00e0.<\/em><\/td>\n<\/tr>\n<\/tbody>\n<\/table>\n<p><img loading=\"lazy\" decoding=\"async\" class=\"alignleft size-medium wp-image-10934\" src=\"https:\/\/www.ulisseland.com\/journal\/wp-content\/uploads\/2025\/01\/Bisnonno-Erasmo-300x260.jpg\" alt=\"\" width=\"300\" height=\"260\" srcset=\"https:\/\/www.ulisseland.com\/journal\/wp-content\/uploads\/2025\/01\/Bisnonno-Erasmo-300x260.jpg 300w, https:\/\/www.ulisseland.com\/journal\/wp-content\/uploads\/2025\/01\/Bisnonno-Erasmo-1024x886.jpg 1024w, https:\/\/www.ulisseland.com\/journal\/wp-content\/uploads\/2025\/01\/Bisnonno-Erasmo-768x664.jpg 768w, https:\/\/www.ulisseland.com\/journal\/wp-content\/uploads\/2025\/01\/Bisnonno-Erasmo-1536x1329.jpg 1536w, https:\/\/www.ulisseland.com\/journal\/wp-content\/uploads\/2025\/01\/Bisnonno-Erasmo-2048x1772.jpg 2048w\" sizes=\"auto, (max-width: 300px) 100vw, 300px\" \/><\/p>\n<p>La visita termina, come sempre, con l&#8217;omaggio al decano della Famiglia &#8211; il capostipite.<\/p>\n<p>Colui che costrui, con molta lungimiranza la abitazioni nella zona pianeggiante di Spigno Saturnia.<\/p>\n<p>Due distinti fabbricati. Il secondo &#8211; dove era allocato il frantoio &#8211; che Nonno Luigi assegn\u00f2 poi a mio Padre. Una prima ristrutturazione e, prima della guerra, and\u00f2 ad abitare con mia Madre e dove sono nato io.<\/p>\n<p>&nbsp;<\/p>\n<p>&nbsp;<\/p>\n<p>&nbsp;<\/p>\n<h3><strong>Ho sempre pensato che in questa vita \u00e8 sempre importante dare l\u2019esempio ai ragazzi di visitare il cimitero dove si compie la storia dei propri Cari Defunti. Mi piace l\u2019idea che anche questo mio ricordo sia di sprone non solo ai miei sei Nipoti, ma in generale a chi legge questo capitolo.<\/strong><\/h3>\n<h2>A conclusione di questo capitolo rendo omaggio al grande ANTONIO DE CURTIS (detto T O T O &#8216;) per un suo aneddoto sui defunti.<\/h2>\n<div class=\"entry-content-asset\"><iframe loading=\"lazy\" title=\"\u00bb Tot\u00f2 - &#039;A livella\" width=\"960\" height=\"540\" src=\"https:\/\/www.youtube.com\/embed\/kh-DtTmQb5E?feature=oembed\" frameborder=\"0\" allow=\"accelerometer; autoplay; clipboard-write; encrypted-media; gyroscope; picture-in-picture; web-share\" referrerpolicy=\"strict-origin-when-cross-origin\" allowfullscreen><\/iframe><\/div>\n<p>Aditoriale di Luigi Cocomello<\/p>\n","protected":false},"excerpt":{"rendered":"<p>VISITA AL CIMITERO DI SPIGNO SATURNIA DEI NIPOTI LUIGI E FRANCESCA Una domenica, come tante, pranzo a Spigno, come sempre nei giorni festivi. Mi venne l\u2019idea di proporre ai due nipotini la visita alla vechia dimora dei miei Nonni Stella e Crescenzo. Infatti presi la 600 di Giuditta ed andammo. Nel corso del racconto sulla<\/p>\n","protected":false},"author":1,"featured_media":0,"comment_status":"closed","ping_status":"open","sticky":false,"template":"","format":"standard","meta":{"footnotes":""},"categories":[1],"tags":[],"class_list":["post-10897","post","type-post","status-publish","format-standard","hentry","category-senza-categoria"],"_links":{"self":[{"href":"https:\/\/www.ulisseland.com\/journal\/wp-json\/wp\/v2\/posts\/10897","targetHints":{"allow":["GET"]}}],"collection":[{"href":"https:\/\/www.ulisseland.com\/journal\/wp-json\/wp\/v2\/posts"}],"about":[{"href":"https:\/\/www.ulisseland.com\/journal\/wp-json\/wp\/v2\/types\/post"}],"author":[{"embeddable":true,"href":"https:\/\/www.ulisseland.com\/journal\/wp-json\/wp\/v2\/users\/1"}],"replies":[{"embeddable":true,"href":"https:\/\/www.ulisseland.com\/journal\/wp-json\/wp\/v2\/comments?post=10897"}],"version-history":[{"count":11,"href":"https:\/\/www.ulisseland.com\/journal\/wp-json\/wp\/v2\/posts\/10897\/revisions"}],"predecessor-version":[{"id":10937,"href":"https:\/\/www.ulisseland.com\/journal\/wp-json\/wp\/v2\/posts\/10897\/revisions\/10937"}],"wp:attachment":[{"href":"https:\/\/www.ulisseland.com\/journal\/wp-json\/wp\/v2\/media?parent=10897"}],"wp:term":[{"taxonomy":"category","embeddable":true,"href":"https:\/\/www.ulisseland.com\/journal\/wp-json\/wp\/v2\/categories?post=10897"},{"taxonomy":"post_tag","embeddable":true,"href":"https:\/\/www.ulisseland.com\/journal\/wp-json\/wp\/v2\/tags?post=10897"}],"curies":[{"name":"wp","href":"https:\/\/api.w.org\/{rel}","templated":true}]}}