{"id":10888,"date":"2025-01-14T11:46:42","date_gmt":"2025-01-14T10:46:42","guid":{"rendered":"https:\/\/www.ulisseland.com\/journal\/?p=10888"},"modified":"2025-01-29T09:36:42","modified_gmt":"2025-01-29T08:36:42","slug":"condivido-alessandro-ceci","status":"publish","type":"post","link":"https:\/\/www.ulisseland.com\/journal\/condivido-alessandro-ceci\/","title":{"rendered":"CONDIVIDO Alessandro CECI"},"content":{"rendered":"<blockquote>\n<h3>Ok, amico mio, Alessandro. Siamo sempre stati, e non solo per l&#8217;appartenenza politica nel PSI, ma soprattutto sul piano etico e culturale. Ti rendo omaggio oggi, con una piena condivisione del testo che hai voluto mandarmi, e del quale ti sono grato.<\/h3>\n<\/blockquote>\n<h3>**<\/h3>\n<h3>POST PENSIERO<br \/>\nFilosofia politica dei social<\/h3>\n<h3>Il Manifesto del Partito Comunista di Marx ed Engels cominciava con un noto simbolismo: &#8220;Uno spettro si aggira per l&#8217;Europa: lo spettro del comunismo. Tutte le potenze della vecchia Europa si sono coalizzate in una sacra caccia alle streghe contro questo spettro&#8221;.<\/h3>\n<h3>Allora l&#8217;Europa raffigurava (anche se non rappresentava) le dinamiche politiche del mondo intero. Lo spettro che si aggirava sul proscenio dell&#8217;Europa, come il padre di Amleto in Shakespeare, era in realt\u00e0 un simbolo invertito: non la raffigurazione dell&#8217;avvenuto, ma il profilo immateriale dell&#8217;avvenente.<br \/>\nParadossalmente, se il comunismo doveva ancora avvenire e tutte le nazioni lo temevano, come poteva esserci il suo spettro? D&#8217;altronde, se c&#8217;era il suo spettro, voleva dire che il comunismo era gi\u00e0 morto, ancor prima di nascere! Pi\u00f9 che una profezia si trattava, dunque, di un presagio.<\/h3>\n<h3>Eppure questo simbolismo paradossale ci aiuta a descrivere, ora che abbiamo la certezza storica della morte del comunismo lasciando la illusoria presenza di un qualche fantasma, la nuova situazione del mondo con l&#8217;avvento della societ\u00e0 della comunicazione.<br \/>\nIl nuovo simbolo dello sfruttamento e della sopraffazione, non \u00e8 pi\u00f9 una eterea promessa di ci\u00f2 che avverr\u00e0, non \u00e8 uno spettro trasparente e immaginario. Ma \u00e8 l&#8217;ombra, l&#8217;ombra junghiana di intere popolazioni che non hanno coscienza di s\u00e9, perch\u00e9 sono povere di soldi, di opportunit\u00e0 e conoscenze. Persone che consumano la loro unica vita senza fruirne, senza storia, senza identificazione perch\u00e9 non hanno identit\u00e0.<br \/>\nIl proscenio illuminato su pochi protagonisti occasionali e alla disperata ricerca di &#8220;dieci minuti di celebrit\u00e0&#8221;, lascia tutti gli altri, &#8220;la folla solitaria&#8221; come l&#8217;ha definita Riesman, nella psichica ombra della propria incoscienza: un popolo che non riesce pi\u00f9 ad essere una popolazione perch\u00e9 in realt\u00e0 l&#8217;omologazione di massa li ha trasformati da cittadini in utenti. Non pi\u00f9 individui, perch\u00e9 sostituiti dall&#8217;eterno presente dei propri avatar.<br \/>\nNon pi\u00f9 persone, perch\u00e9 il rapporto simbiotico tra ci\u00f2 che sono e ci\u00f2 che mostrano di essere \u00e8 scisso.<br \/>\nNon pi\u00f9 soggetti, perch\u00e9 sottratti allo spazio di rappresentazione dei propri ruoli sociali.<br \/>\nNon pi\u00f9 cittadini perch\u00e9 ostruiti alla relazione di rappresentanza per favorire la irresponsabilit\u00e0 della Relazione Responsiva.<br \/>\nSolo UTENTI che vivono nell&#8217;ombra e devono restare nell&#8217;ombra per applaudire tacendo gli attori\/autori della cronaca che ha decisamente sostituito la storia.<\/h3>\n<h3>Il compito nuovo della politica non \u00e8 pi\u00f9 solo organizzare un regime di qualsiasi tipo, ma anche quello di dare un valore esistenziale alla vita.<br \/>\nIl compito nuovo della politica non \u00e8 pi\u00f9 soltanto la sintattica, il sistema delle regole che orientano le nostre azioni e i nostri comportamenti; ma \u00e8 anche la semantica, i significati che attribuiamo alla nostra presenza nel mondo.<br \/>\nIl compito della politica nella societ\u00e0 della comunicazione non \u00e8 di occuparsi solo dell&#8217;ordine, ma anche dell&#8217;ordito, aiutandoci ad uscire dall&#8217;ombra della storia per partecipare al network delle relazioni cognitive, per vivere, coscienti, nella plusvalenza della cultura; cio\u00e8 nella conoscenza etica che ci rende protagonisti consapevoli dei significati della lebenswelt, del mondo della vita come lo chiamava Husserl: perch\u00e9, nella societ\u00e0 della comunicazione, &#8220;la politica nasce nell&#8217;infra e si afferma come relazione&#8221; (Arendt).**<\/h3>\n<h3>https:\/\/youtu.be\/2HqlGRcV-zE?si=PNWDSZ_9M4iPYRvj<\/h3>\n<p>&nbsp;<\/p>\n<h3>A cura dell&#8217;Editore Luigi Cocomello<\/h3>\n","protected":false},"excerpt":{"rendered":"<p>Ok, amico mio, Alessandro. Siamo sempre stati, e non solo per l&#8217;appartenenza politica nel PSI, ma soprattutto sul piano etico e culturale. Ti rendo omaggio oggi, con una piena condivisione del testo che hai voluto mandarmi, e del quale ti sono grato. ** POST PENSIERO Filosofia politica dei social Il Manifesto del Partito Comunista di<\/p>\n","protected":false},"author":1,"featured_media":0,"comment_status":"closed","ping_status":"open","sticky":false,"template":"","format":"standard","meta":{"footnotes":""},"categories":[1],"tags":[],"class_list":["post-10888","post","type-post","status-publish","format-standard","hentry","category-senza-categoria"],"_links":{"self":[{"href":"https:\/\/www.ulisseland.com\/journal\/wp-json\/wp\/v2\/posts\/10888","targetHints":{"allow":["GET"]}}],"collection":[{"href":"https:\/\/www.ulisseland.com\/journal\/wp-json\/wp\/v2\/posts"}],"about":[{"href":"https:\/\/www.ulisseland.com\/journal\/wp-json\/wp\/v2\/types\/post"}],"author":[{"embeddable":true,"href":"https:\/\/www.ulisseland.com\/journal\/wp-json\/wp\/v2\/users\/1"}],"replies":[{"embeddable":true,"href":"https:\/\/www.ulisseland.com\/journal\/wp-json\/wp\/v2\/comments?post=10888"}],"version-history":[{"count":3,"href":"https:\/\/www.ulisseland.com\/journal\/wp-json\/wp\/v2\/posts\/10888\/revisions"}],"predecessor-version":[{"id":10986,"href":"https:\/\/www.ulisseland.com\/journal\/wp-json\/wp\/v2\/posts\/10888\/revisions\/10986"}],"wp:attachment":[{"href":"https:\/\/www.ulisseland.com\/journal\/wp-json\/wp\/v2\/media?parent=10888"}],"wp:term":[{"taxonomy":"category","embeddable":true,"href":"https:\/\/www.ulisseland.com\/journal\/wp-json\/wp\/v2\/categories?post=10888"},{"taxonomy":"post_tag","embeddable":true,"href":"https:\/\/www.ulisseland.com\/journal\/wp-json\/wp\/v2\/tags?post=10888"}],"curies":[{"name":"wp","href":"https:\/\/api.w.org\/{rel}","templated":true}]}}