{"id":10772,"date":"2024-12-01T20:54:37","date_gmt":"2024-12-01T19:54:37","guid":{"rendered":"https:\/\/www.ulisseland.com\/journal\/?p=10772"},"modified":"2024-12-01T20:56:17","modified_gmt":"2024-12-01T19:56:17","slug":"paolo-and-family-come-back-tumidia","status":"publish","type":"post","link":"https:\/\/www.ulisseland.com\/journal\/paolo-and-family-come-back-tumidia\/","title":{"rendered":"PAOLO and Family come back TUNISIA"},"content":{"rendered":"<p>Rientrando dalla Tunisia&#8230;alle ore 09 abbiamo fatto l&#8217;ultima abbondante colazione all&#8217;hotel jaz tourkalef&#8230;che ha avuto l&#8217;onore e l&#8217;onere di ospitare la mia famiglia&#8230;alle ore 12 terminato di incrociare abiti scarpe datteri pezzi d&#8217;imbarcazione e pianeti siamo riusciti a chiudere l&#8217;ultima delle nove&#x1f631;&#x1f631;&#x1f631; valigie&#8230;incredibile ma vero&#8230;alle ore 13 e 30 il mio caro Big Brother \u00e8 venuto a prenderci per portarci, per l&#8217;ultimo pranzo in Tunisia, dalla chef stellata &#x1f31f;&#x1f31f;&#x1f31f; Foutia&#8230;appena arrivati non ha potuto venirci a salutare perch\u00e9 stava tenendo una master class con i suoi allievi selezionati da tutto il mondo&#8230;ne cito solo alcuni Chef Ramsi, Chef cannavacciulo, chef Barbieri, chef locatelli,&#8230;appena terminata la call la chef \u00e8 venuta al tavolo a salutarci in compagnia del Principe Adem&#8230;dopo pochi minuti \u00e8 iniziato un viaggio di sapori del mediterraneo&#8230;l&#8217;apice lo si \u00e8 raggiunto con i maltagliati in crema di cannellini&#8230;volgarmente denominata per la plebe pasta e fasul&#8230;terminato il viaggio dei sapori tra Tunisia e Italia&#8230;ci siamo recati in aeroporto&#8230;velocit\u00e0 di crociera 220km orari con la rayjet&#8230;atterrati all&#8217;aeroporto internazionale di Tunisi&#8230;ad attenderci il direttore generale con lo staff al.completo in divisa da cerimonia&#8230;checkin in soli tre minuti&#8230;nonostante l&#8217;evidente numero di bagagli superiore al consentito&#8230;salutato il presidente impectore della Tunisia RayCocomello II\u00b0&#8230;alle ore 19 in perfetto orario il volo ITA 867 AZ \u00e8 decollato direzione aeroporto internazionale di Roma Fiumicino&#8230;il capitano pur di farsi un selfie con la cantautrice Karol T. Ha anticipato l&#8217;atterraggio di 24 minuti &#x1f633;&#x1f633;&#x1f633; incredibile&#8230;morale della storia la Tunisia e la famiglia Di Erasmo sono il simbolo dell&#8217;ospitalit\u00e0&#8230;9kg in 9 giorni&#x1f926;&#x1f3fb;&#x200d;&#x2642;&#xfe0f;&#x1f926;&#x1f3fb;&#x200d;&#x2642;&#xfe0f;&#x1f926;&#x1f3fb;&#x200d;&#x2642;&#xfe0f;&#8230;tutto \u00e8 possibile devi solo imparare a rispettare i loro tempi&#8230;molto pi\u00f9 in linea dei nostri in termini di qualit\u00e0 della vita&#8230;grazie di &#x2764;&#xfe0f;&#x2764;&#xfe0f;&#x2764;&#xfe0f;Foutia Erasmo e Adem&#8230;e buona vita a tutti voi&#8230;Ps fermatevi ogni tanto e trovate del tempo per voi ed i vostri cari<br \/>\nTratto da una storia vera scritto e diretto da Luigi Cocomello Senior&#8230;&#x1f923;&#x1f923;&#x1f923;<br \/>\nSe siete arrivati alla fine della storia volevo chiedere a tutti coloro che il 26 dicembre sono in Italia di passare una giornata insieme&#8230;nella dimora della mia signora Angela a San Remigio per una tombolata della Family&#8230;per coloro che sono all&#8217;estero possiamo tranquillamente fare un collegamento tramite meet se vi fa piacere partecipare&#8230;sono sicuro che a zio Ray questa idea avrebbe fatto piacere&#8230; fate un piccolo sforzo per stare tutti insieme&#x1f64f;&#x1f64f;&#x1f64f;&#x2764;&#xfe0f;&#x2764;&#xfe0f;&#x2764;&#xfe0f;<\/p>\n","protected":false},"excerpt":{"rendered":"<p>Rientrando dalla Tunisia&#8230;alle ore 09 abbiamo fatto l&#8217;ultima abbondante colazione all&#8217;hotel jaz tourkalef&#8230;che ha avuto l&#8217;onore e l&#8217;onere di ospitare la mia famiglia&#8230;alle ore 12 terminato di incrociare abiti scarpe datteri pezzi d&#8217;imbarcazione e pianeti siamo riusciti a chiudere l&#8217;ultima delle nove&#x1f631;&#x1f631;&#x1f631; valigie&#8230;incredibile ma vero&#8230;alle ore 13 e 30 il mio caro Big Brother \u00e8<\/p>\n","protected":false},"author":1,"featured_media":0,"comment_status":"closed","ping_status":"open","sticky":false,"template":"","format":"standard","meta":{"footnotes":""},"categories":[10,107,104,103,108,1],"tags":[],"class_list":["post-10772","post","type-post","status-publish","format-standard","hentry","category-editoriale","category-estero","category-monitoraggioitproattivo","category-mottasangiovanni","category-progetti","category-senza-categoria"],"_links":{"self":[{"href":"https:\/\/www.ulisseland.com\/journal\/wp-json\/wp\/v2\/posts\/10772","targetHints":{"allow":["GET"]}}],"collection":[{"href":"https:\/\/www.ulisseland.com\/journal\/wp-json\/wp\/v2\/posts"}],"about":[{"href":"https:\/\/www.ulisseland.com\/journal\/wp-json\/wp\/v2\/types\/post"}],"author":[{"embeddable":true,"href":"https:\/\/www.ulisseland.com\/journal\/wp-json\/wp\/v2\/users\/1"}],"replies":[{"embeddable":true,"href":"https:\/\/www.ulisseland.com\/journal\/wp-json\/wp\/v2\/comments?post=10772"}],"version-history":[{"count":3,"href":"https:\/\/www.ulisseland.com\/journal\/wp-json\/wp\/v2\/posts\/10772\/revisions"}],"predecessor-version":[{"id":10777,"href":"https:\/\/www.ulisseland.com\/journal\/wp-json\/wp\/v2\/posts\/10772\/revisions\/10777"}],"wp:attachment":[{"href":"https:\/\/www.ulisseland.com\/journal\/wp-json\/wp\/v2\/media?parent=10772"}],"wp:term":[{"taxonomy":"category","embeddable":true,"href":"https:\/\/www.ulisseland.com\/journal\/wp-json\/wp\/v2\/categories?post=10772"},{"taxonomy":"post_tag","embeddable":true,"href":"https:\/\/www.ulisseland.com\/journal\/wp-json\/wp\/v2\/tags?post=10772"}],"curies":[{"name":"wp","href":"https:\/\/api.w.org\/{rel}","templated":true}]}}