{"id":10694,"date":"2024-11-07T10:21:01","date_gmt":"2024-11-07T09:21:01","guid":{"rendered":"https:\/\/www.ulisseland.com\/journal\/?p=10694"},"modified":"2025-05-19T09:58:23","modified_gmt":"2025-05-19T07:58:23","slug":"i-barbieri-della-mia-vita","status":"publish","type":"post","link":"https:\/\/www.ulisseland.com\/journal\/i-barbieri-della-mia-vita\/","title":{"rendered":"I BARBIERI DELLA MIA VITA"},"content":{"rendered":"<h4>I BARBIERI DELLA MIA VITA, non sono stati molti, ma tutti &#8211; per ragioni diverse &#8211; miei amici indimenticabili. Ci sono quelli che sono passati a &#8220;miglior vita&#8221; come Giovanni Orgera &#8211; il primo in assoluto.<\/h4>\n<p><img loading=\"lazy\" decoding=\"async\" class=\"size-medium wp-image-10711 aligncenter\" src=\"https:\/\/www.ulisseland.com\/journal\/wp-content\/uploads\/2024\/11\/Barbiere-Giovanni-Orgera-225x300.jpeg\" alt=\"\" width=\"225\" height=\"300\" srcset=\"https:\/\/www.ulisseland.com\/journal\/wp-content\/uploads\/2024\/11\/Barbiere-Giovanni-Orgera-225x300.jpeg 225w, https:\/\/www.ulisseland.com\/journal\/wp-content\/uploads\/2024\/11\/Barbiere-Giovanni-Orgera-768x1024.jpeg 768w, https:\/\/www.ulisseland.com\/journal\/wp-content\/uploads\/2024\/11\/Barbiere-Giovanni-Orgera-1152x1536.jpeg 1152w, https:\/\/www.ulisseland.com\/journal\/wp-content\/uploads\/2024\/11\/Barbiere-Giovanni-Orgera-1024x1365.jpeg 1024w, https:\/\/www.ulisseland.com\/journal\/wp-content\/uploads\/2024\/11\/Barbiere-Giovanni-Orgera.jpeg 1200w\" sizes=\"auto, (max-width: 225px) 100vw, 225px\" \/><\/p>\n<p>&nbsp;<\/p>\n<h3>Ricordo che una volta mi fece sedere su una sedia &#8211; fuori dall&#8217;abitazione di Zia Speranza Cocomello, e con una macchinetta che mi radeva dal collo risalente sul capo, azionata manualmente, mi faceva tale solletico, quasi insopportabile. Le volte successive cercavo di non sottrarmi a quel fastidio, ma venivo braccato e costretto a subire. Quando passai dall&#8217;infanzia all&#8217;et\u00e0 giovanile il mio Barbiere divenne Angelo Tuccillo, mio amico e che svolgeva contemporaneamente l&#8217;attivit\u00e0 di sarto. Angelo non usava pi\u00f9 la macchinetta &#8211; mia odiata di Giovanni Orgera &#8211; ma utilizzava strumenti innovativi che non mi davano fastidio alcuno.\u00a0 Con Angelo, parlando di ciclismo &#8211; e del nostro beniamino Fausto Coppi, il tempo del taglio dei capelli, trascorreva veloce e senza problemi.<\/h3>\n<p style=\"text-align: center;\"><img loading=\"lazy\" decoding=\"async\" class=\"size-medium wp-image-10714 aligncenter\" src=\"https:\/\/www.ulisseland.com\/journal\/wp-content\/uploads\/2024\/11\/Angelo-Tuccillo-221x300.jpeg\" alt=\"\" width=\"221\" height=\"300\" srcset=\"https:\/\/www.ulisseland.com\/journal\/wp-content\/uploads\/2024\/11\/Angelo-Tuccillo-221x300.jpeg 221w, https:\/\/www.ulisseland.com\/journal\/wp-content\/uploads\/2024\/11\/Angelo-Tuccillo-756x1024.jpeg 756w, https:\/\/www.ulisseland.com\/journal\/wp-content\/uploads\/2024\/11\/Angelo-Tuccillo-768x1040.jpeg 768w, https:\/\/www.ulisseland.com\/journal\/wp-content\/uploads\/2024\/11\/Angelo-Tuccillo-1134x1536.jpeg 1134w, https:\/\/www.ulisseland.com\/journal\/wp-content\/uploads\/2024\/11\/Angelo-Tuccillo-1024x1387.jpeg 1024w, https:\/\/www.ulisseland.com\/journal\/wp-content\/uploads\/2024\/11\/Angelo-Tuccillo.jpeg 1512w\" sizes=\"auto, (max-width: 221px) 100vw, 221px\" \/><\/p>\n<p>&nbsp;<\/p>\n<h3>Quando mi trasferii a Formia, la scelta del barbiere cadde sul celebre Peppino di via Vitruvio &#8211; allora via Appia &#8211; nel pieno centro della citt\u00e0. Peppino mi faceva servire da un suo apprendista molto bravo &#8211; Matteo che era una vera e propria simpatia. Scherzando intimava ad un apprendista molto pi\u00f9 giovane di &#8220;intostare l&#8217;acqua&#8221; in un piccolo recipiente di latta che normalmente si utilizzava per radere la barba: &#8230;. ed il ragazzo che, ubbidiente e &#8230;. eseguiva senza battere ciglio. Matteo poi si mise in proprio all&#8217;imbocco di Via S: Pietro di Formia ed fui suo cliente per molti anni. L&#8217;ultimo barbiere &#8211; ed anche quello attuale &#8211; \u00e8 Barber Shop\u00a0 Antonello &#8211; di Spigno Saturnia &#8211; dove sono venuto a vivere da pensionato.\u00a0 Antonella &#8211; che ha mutuato tutte le modalit\u00e0 del franchising del quale \u00e8 fedele &#8211; riservato osservante, mi ha educato e corretto alla indiscutibile prenotazione. Inizialmente facevo molta fatica ad ubbidire a questa regola, ma ora, che mi sono abituato mi appare come una buona cosa. Qualche tempo fa ha inaugurato il Centro Bellezza &#8211; Centro Estetico &#8211; che condivide con la sua Signora &#8211; e che presento &#8211; nel giorno dell&#8217;inaugurazione &#8211; nei nuovi locali di Spigno Saturnia (Nuovo Centro). Di seguito i video:<\/h3>\n<div class=\"entry-content-asset\"><iframe loading=\"lazy\" title=\"7 novembre 2024\" width=\"960\" height=\"540\" src=\"https:\/\/www.youtube.com\/embed\/bF6wrogh0ns?feature=oembed\" frameborder=\"0\" allow=\"accelerometer; autoplay; clipboard-write; encrypted-media; gyroscope; picture-in-picture; web-share\" referrerpolicy=\"strict-origin-when-cross-origin\" allowfullscreen><\/iframe><\/div>\n<h2>L&#8217;Editore Prof. Luigi Cocomello<\/h2>\n<p>&nbsp;<\/p>\n<p>&nbsp;<\/p>\n","protected":false},"excerpt":{"rendered":"<p>I BARBIERI DELLA MIA VITA, non sono stati molti, ma tutti &#8211; per ragioni diverse &#8211; miei amici indimenticabili. Ci sono quelli che sono passati a &#8220;miglior vita&#8221; come Giovanni Orgera &#8211; il primo in assoluto. &nbsp; Ricordo che una volta mi fece sedere su una sedia &#8211; fuori dall&#8217;abitazione di Zia Speranza Cocomello, e<\/p>\n","protected":false},"author":1,"featured_media":0,"comment_status":"closed","ping_status":"open","sticky":false,"template":"","format":"standard","meta":{"footnotes":""},"categories":[1],"tags":[],"class_list":["post-10694","post","type-post","status-publish","format-standard","hentry","category-senza-categoria"],"_links":{"self":[{"href":"https:\/\/www.ulisseland.com\/journal\/wp-json\/wp\/v2\/posts\/10694","targetHints":{"allow":["GET"]}}],"collection":[{"href":"https:\/\/www.ulisseland.com\/journal\/wp-json\/wp\/v2\/posts"}],"about":[{"href":"https:\/\/www.ulisseland.com\/journal\/wp-json\/wp\/v2\/types\/post"}],"author":[{"embeddable":true,"href":"https:\/\/www.ulisseland.com\/journal\/wp-json\/wp\/v2\/users\/1"}],"replies":[{"embeddable":true,"href":"https:\/\/www.ulisseland.com\/journal\/wp-json\/wp\/v2\/comments?post=10694"}],"version-history":[{"count":5,"href":"https:\/\/www.ulisseland.com\/journal\/wp-json\/wp\/v2\/posts\/10694\/revisions"}],"predecessor-version":[{"id":11135,"href":"https:\/\/www.ulisseland.com\/journal\/wp-json\/wp\/v2\/posts\/10694\/revisions\/11135"}],"wp:attachment":[{"href":"https:\/\/www.ulisseland.com\/journal\/wp-json\/wp\/v2\/media?parent=10694"}],"wp:term":[{"taxonomy":"category","embeddable":true,"href":"https:\/\/www.ulisseland.com\/journal\/wp-json\/wp\/v2\/categories?post=10694"},{"taxonomy":"post_tag","embeddable":true,"href":"https:\/\/www.ulisseland.com\/journal\/wp-json\/wp\/v2\/tags?post=10694"}],"curies":[{"name":"wp","href":"https:\/\/api.w.org\/{rel}","templated":true}]}}