{"id":1069,"date":"2012-03-30T18:34:49","date_gmt":"2012-03-30T18:34:49","guid":{"rendered":"http:\/\/www.ulisseland.com\/journal\/?p=1069&#038;lang=it"},"modified":"2012-03-30T18:40:05","modified_gmt":"2012-03-30T18:40:05","slug":"priverno-dissuasori-a-scomparsa-automatici","status":"publish","type":"post","link":"https:\/\/www.ulisseland.com\/journal\/priverno-dissuasori-a-scomparsa-automatici\/","title":{"rendered":"PRIVERNO: dissuasori a scomparsa automatici"},"content":{"rendered":"<p><a href=\"https:\/\/www.ulisseland.com\/journal\/wp-content\/uploads\/2012\/03\/via_consolare-e1333132419348.jpg\"><img loading=\"lazy\" decoding=\"async\" src=\"https:\/\/www.ulisseland.com\/journal\/wp-content\/uploads\/2012\/03\/via_consolare-e1333132467160.jpg\" alt=\"\" title=\"via_consolare\" width=\"212\" height=\"283\" class=\"alignleft size-full wp-image-1071\" \/><\/a>\u201cPur nutrendo un indiscutibile e profondo rispetto per il caso che \u00e8 stato segnalato a mezzo stampa dal presidente dell\u2019associazione di volontariato \u2018Ester\u2019 Nando Andreoli,  vale la pena chiarire sia all\u2019associazione che al segretario PD, Anna Maria Bilancia &#8211;  che si \u00e8 fatta portavoce del disagio sottolineto dallo stesso Andreoli  &#8211; i termini esatti della questione pur avendo dovuto, la Bilancia, essere gi\u00e0 a conoscenza degli stessi essendo contenuti in un delibera che risale a maggio dello scorso anno con la quale si disciplinava l\u2019istituzione dell\u2019isola pedonale facendo riferimento ad alcuni casi specifici\u201d.<br \/>\nE\u2019 questa la prima reazione dell\u2019amministrazione comunale dopo aver appreso la notizia nella quale la si accusava di non aver preso in considerazione, nella gestione della ZTL (Zona a Traffico Limitato) con conseguente istituzione dell\u2019area pedonale ed installazione e posizionamento di tre dissuasori a scomparsa automatici, alcune particolari categorie tra le quali quella che fa riferimento alle persone diversamente abili.<br \/>\nNella delibera in questione \u2013 la n\u00b0 89 del 17 maggio 2011 \u2013 che disciplina l\u2019area perdonale e il funzionamento dei dissuasori a scomparsa limitando il transito dei veicoli, in particolare vanno evidenziate due voci: quella che fa riferimento alle deroghe per cui l\u2019accesso \u00e8 consentito sempre ai mezzi di soccorso, forze di polizia, vigili del fuoco, ambulanze tramite la consegna di un telecomando e un contatto telefonico e ai veicoli adibiti al trasporto di persone con limitate o impedita capacit\u00e0 motoria, in altre parole a coloro che sono portatori di forme di disabilit\u00e0 che dovessero abitare o che avessero la necessit\u00e0 di transitare nei tratti interessati dalla ZTL.<br \/>\nIn questo caso, come nel primo, per l\u2019apertura dei dissuasori si potr\u00e0 richiedere, presso il Comando di Polizia Municipale,  un telecomando o l\u2019abilitazione di un numero di telefono, previa compilazione e sottoscrizione di un apposito modulo.<br \/>\nPertanto, appare davvero fuori luogo la polemica che, in questi giorni, \u00e8 stata portata avanti a mezzo stampa dall\u2019esponete PD.<br \/>\n\u201cOltre a quelli citati \u2013 aggiunge concludendo l\u2019amministrazione &#8211;  esistono altri casi per i quali \u00e8 previsto l\u2019uso del telecomando dietro esplicita richiesta. Basti, ad esempio, considerare i mezzi operativi per la raccolta dei rifiuti e per lo spazzamento delle strade, i veicoli adibiti a trasporto pubblico, i titolari di passi carrabili, gli autorizzati per eccezionali e temporanee necessit\u00e0. Insomma, naturalmente si tratta di casi particolari che erano stati presi in considerazione dall\u2019amministrazione comunale nel momento stesso in cui sono stati installati i dissuasori. Pare strano che la Bilancia, a distanza di quasi un anno, rivendichi solo ora un servizio cos\u00ec importante in quanto rivolto a coloro che ne hanno maggiormente necessit\u00e0. Ci auguriamo che il segretario PD non abbia voluto, con il suo intervento, strumentalizzare un argomento che per la sua valenza non \u00e8 proprio il caso di tirare in ballo e approfittiamo della circostanza per consigliarle di documentarsi pi\u00f9 approfonditamente  prima di scendere in campo chiedendo lumi all\u2019amministrazione\u201d.<\/p>\n<p>Benedetta Castelli &#8211; Staff del Sindaco<br \/>\n<a href=\"http:\/\/www.virtualcity3d.it\/dettaglioluogo.aspx?id=69&amp;ddvalue=6&amp;comune=Priverno.db&amp;str=comune&amp;sferic=6330011_20090716_090622_000000_21553\"><img loading=\"lazy\" decoding=\"async\" src=\"https:\/\/www.ulisseland.com\/journal\/wp-content\/uploads\/2012\/03\/Priverno_86x86.png\" alt=\"\" title=\"Priverno_86x86\" width=\"86\" height=\"86\" class=\"alignleft size-full wp-image-1000\" srcset=\"https:\/\/www.ulisseland.com\/journal\/wp-content\/uploads\/2012\/03\/Priverno_86x86.png 86w, https:\/\/www.ulisseland.com\/journal\/wp-content\/uploads\/2012\/03\/Priverno_86x86-50x50.png 50w\" sizes=\"auto, (max-width: 86px) 100vw, 86px\" \/><\/a><\/p>\n","protected":false},"excerpt":{"rendered":"<p>\u201cPur nutrendo un indiscutibile e profondo rispetto per il caso che \u00e8 stato segnalato a mezzo stampa dal presidente dell\u2019associazione di volontariato \u2018Ester\u2019 Nando Andreoli, vale la pena chiarire sia all\u2019associazione che al segretario PD, Anna Maria Bilancia &#8211; che si \u00e8 fatta portavoce del disagio sottolineto dallo stesso Andreoli &#8211; i termini esatti della<\/p>\n","protected":false},"author":1,"featured_media":0,"comment_status":"open","ping_status":"open","sticky":false,"template":"","format":"standard","meta":{"footnotes":""},"categories":[16,11],"tags":[],"class_list":["post-1069","post","type-post","status-publish","format-standard","hentry","category-comune-di-priverno","category-enti"],"_links":{"self":[{"href":"https:\/\/www.ulisseland.com\/journal\/wp-json\/wp\/v2\/posts\/1069","targetHints":{"allow":["GET"]}}],"collection":[{"href":"https:\/\/www.ulisseland.com\/journal\/wp-json\/wp\/v2\/posts"}],"about":[{"href":"https:\/\/www.ulisseland.com\/journal\/wp-json\/wp\/v2\/types\/post"}],"author":[{"embeddable":true,"href":"https:\/\/www.ulisseland.com\/journal\/wp-json\/wp\/v2\/users\/1"}],"replies":[{"embeddable":true,"href":"https:\/\/www.ulisseland.com\/journal\/wp-json\/wp\/v2\/comments?post=1069"}],"version-history":[{"count":6,"href":"https:\/\/www.ulisseland.com\/journal\/wp-json\/wp\/v2\/posts\/1069\/revisions"}],"predecessor-version":[{"id":1083,"href":"https:\/\/www.ulisseland.com\/journal\/wp-json\/wp\/v2\/posts\/1069\/revisions\/1083"}],"wp:attachment":[{"href":"https:\/\/www.ulisseland.com\/journal\/wp-json\/wp\/v2\/media?parent=1069"}],"wp:term":[{"taxonomy":"category","embeddable":true,"href":"https:\/\/www.ulisseland.com\/journal\/wp-json\/wp\/v2\/categories?post=1069"},{"taxonomy":"post_tag","embeddable":true,"href":"https:\/\/www.ulisseland.com\/journal\/wp-json\/wp\/v2\/tags?post=1069"}],"curies":[{"name":"wp","href":"https:\/\/api.w.org\/{rel}","templated":true}]}}