{"id":10615,"date":"2024-08-31T18:33:46","date_gmt":"2024-08-31T16:33:46","guid":{"rendered":"https:\/\/www.ulisseland.com\/journal\/?p=10615"},"modified":"2024-08-31T19:20:51","modified_gmt":"2024-08-31T17:20:51","slug":"picinisco-agriturismo-savonisco-b-i-o-picinisco","status":"publish","type":"post","link":"https:\/\/www.ulisseland.com\/journal\/picinisco-agriturismo-savonisco-b-i-o-picinisco\/","title":{"rendered":"Picinisco &#8211; Agriturismo SAVONISCO, &#8220;B I O&#8221; &#8211; PICINISCO"},"content":{"rendered":"<h4><img loading=\"lazy\" decoding=\"async\" class=\"alignleft size-medium wp-image-10619\" src=\"https:\/\/www.ulisseland.com\/journal\/wp-content\/uploads\/2024\/08\/VALLE-DEL-CIMINO-IMMERSA-NEL-VERDE-300x135.jpg\" alt=\"\" width=\"300\" height=\"135\" srcset=\"https:\/\/www.ulisseland.com\/journal\/wp-content\/uploads\/2024\/08\/VALLE-DEL-CIMINO-IMMERSA-NEL-VERDE-300x135.jpg 300w, https:\/\/www.ulisseland.com\/journal\/wp-content\/uploads\/2024\/08\/VALLE-DEL-CIMINO-IMMERSA-NEL-VERDE-1024x461.jpg 1024w, https:\/\/www.ulisseland.com\/journal\/wp-content\/uploads\/2024\/08\/VALLE-DEL-CIMINO-IMMERSA-NEL-VERDE-768x345.jpg 768w, https:\/\/www.ulisseland.com\/journal\/wp-content\/uploads\/2024\/08\/VALLE-DEL-CIMINO-IMMERSA-NEL-VERDE-1536x691.jpg 1536w, https:\/\/www.ulisseland.com\/journal\/wp-content\/uploads\/2024\/08\/VALLE-DEL-CIMINO-IMMERSA-NEL-VERDE.jpg 2048w\" sizes=\"auto, (max-width: 300px) 100vw, 300px\" \/><\/h4>\n<h4><img loading=\"lazy\" decoding=\"async\" class=\"alignleft size-medium wp-image-10620\" src=\"https:\/\/www.ulisseland.com\/journal\/wp-content\/uploads\/2024\/08\/AGRITURISMO-IN-ALLESTIMENTO-300x135.jpg\" alt=\"AGRITURISMO SAVONISCO\" width=\"300\" height=\"135\" srcset=\"https:\/\/www.ulisseland.com\/journal\/wp-content\/uploads\/2024\/08\/AGRITURISMO-IN-ALLESTIMENTO-300x135.jpg 300w, https:\/\/www.ulisseland.com\/journal\/wp-content\/uploads\/2024\/08\/AGRITURISMO-IN-ALLESTIMENTO-1024x461.jpg 1024w, https:\/\/www.ulisseland.com\/journal\/wp-content\/uploads\/2024\/08\/AGRITURISMO-IN-ALLESTIMENTO-768x345.jpg 768w, https:\/\/www.ulisseland.com\/journal\/wp-content\/uploads\/2024\/08\/AGRITURISMO-IN-ALLESTIMENTO-1536x691.jpg 1536w, https:\/\/www.ulisseland.com\/journal\/wp-content\/uploads\/2024\/08\/AGRITURISMO-IN-ALLESTIMENTO.jpg 2048w\" sizes=\"auto, (max-width: 300px) 100vw, 300px\" \/><br \/>\nwww.tenutasavonisco.it.mo<\/h4>\n<p>La TENUTA SAVONISCO, nel Comune di Picinisco, con vista della VAL COMINO, nella parte laziale del Parco Lazio, Abruzzo e Molise, \u00e8 una realt\u00e0 da scoprire. EMANUELE, (34 anni) \u00e8 l&#8217;autore di tutto. Figlio di emigrati nel Regno Unito, parla correntemente l&#8217;Inglese. La sua Signora svolge l&#8217;attivit\u00e0 di psicologa in Paese, ha due bambini, un vivace maschietto ed una, pi\u00f9 piccolina, che, nei giorni in cui la scuola \u00e8 chiusa, li accudisce lui.\u00a0 Oltre la coltivazione biologica di Viti ed Ulivi, Emanuele ha anche un allevamento di maiali, le cui carni, in tutte le modalit\u00e0 (fresche o insaccati) arricchiscono i suoi Men\u00f9. Emanuele \u00e8 un cuoco raffinato, ma non della nouvelle cousine, ma sceglie con cura tutti i prodotti tipici del terrtorio e\/o di sua dirette produzione. L&#8217;edificio \u00e8 ancora in costruzione, ma le tre stanze, gi\u00e0 in esercizio, sono molto accoglienti: lettoni comodissimi, aria condizionata, televisione, e mobili in vero massello, lavorati in zona, con legno del posto. La tenuta la trovate facilmente in Google Maps, o nel sito &#8211; <em><strong>www.tenutasavonisco.it,\u00a0<\/strong><\/em>dove potete ascoltare, direttamente dalla voce di Emanuele la narrazione delle sue particolari ricette. Grazie a nostro Figlio Carlo, abbiamo celebrato nella TENUTA SAVONISCO il nostro 59.mo di matrimonio respirando aria pura, ossigenata, affacciati agli ampi balconi, con una visione stupenda della Val Cimino.<\/p>\n<p>LA REDAZIONE: Prof. Luigi Cocomello<\/p>\n<h4><img loading=\"lazy\" decoding=\"async\" class=\"alignleft size-medium wp-image-10623\" src=\"https:\/\/www.ulisseland.com\/journal\/wp-content\/uploads\/2024\/08\/CULTIVER-BIOLOGICO-VITE-E-ULIVI-300x135.jpg\" alt=\"Visione del biologico\" width=\"300\" height=\"135\" srcset=\"https:\/\/www.ulisseland.com\/journal\/wp-content\/uploads\/2024\/08\/CULTIVER-BIOLOGICO-VITE-E-ULIVI-300x135.jpg 300w, https:\/\/www.ulisseland.com\/journal\/wp-content\/uploads\/2024\/08\/CULTIVER-BIOLOGICO-VITE-E-ULIVI-1024x461.jpg 1024w, https:\/\/www.ulisseland.com\/journal\/wp-content\/uploads\/2024\/08\/CULTIVER-BIOLOGICO-VITE-E-ULIVI-768x345.jpg 768w, https:\/\/www.ulisseland.com\/journal\/wp-content\/uploads\/2024\/08\/CULTIVER-BIOLOGICO-VITE-E-ULIVI-1536x691.jpg 1536w, https:\/\/www.ulisseland.com\/journal\/wp-content\/uploads\/2024\/08\/CULTIVER-BIOLOGICO-VITE-E-ULIVI.jpg 2048w\" sizes=\"auto, (max-width: 300px) 100vw, 300px\" \/><\/h4>\n","protected":false},"excerpt":{"rendered":"<p>www.tenutasavonisco.it.mo La TENUTA SAVONISCO, nel Comune di Picinisco, con vista della VAL COMINO, nella parte laziale del Parco Lazio, Abruzzo e Molise, \u00e8 una realt\u00e0 da scoprire. EMANUELE, (34 anni) \u00e8 l&#8217;autore di tutto. Figlio di emigrati nel Regno Unito, parla correntemente l&#8217;Inglese. La sua Signora svolge l&#8217;attivit\u00e0 di psicologa in Paese, ha due bambini,<\/p>\n","protected":false},"author":1,"featured_media":0,"comment_status":"closed","ping_status":"open","sticky":false,"template":"","format":"standard","meta":{"footnotes":""},"categories":[1],"tags":[],"class_list":["post-10615","post","type-post","status-publish","format-standard","hentry","category-senza-categoria"],"_links":{"self":[{"href":"https:\/\/www.ulisseland.com\/journal\/wp-json\/wp\/v2\/posts\/10615","targetHints":{"allow":["GET"]}}],"collection":[{"href":"https:\/\/www.ulisseland.com\/journal\/wp-json\/wp\/v2\/posts"}],"about":[{"href":"https:\/\/www.ulisseland.com\/journal\/wp-json\/wp\/v2\/types\/post"}],"author":[{"embeddable":true,"href":"https:\/\/www.ulisseland.com\/journal\/wp-json\/wp\/v2\/users\/1"}],"replies":[{"embeddable":true,"href":"https:\/\/www.ulisseland.com\/journal\/wp-json\/wp\/v2\/comments?post=10615"}],"version-history":[{"count":4,"href":"https:\/\/www.ulisseland.com\/journal\/wp-json\/wp\/v2\/posts\/10615\/revisions"}],"predecessor-version":[{"id":10624,"href":"https:\/\/www.ulisseland.com\/journal\/wp-json\/wp\/v2\/posts\/10615\/revisions\/10624"}],"wp:attachment":[{"href":"https:\/\/www.ulisseland.com\/journal\/wp-json\/wp\/v2\/media?parent=10615"}],"wp:term":[{"taxonomy":"category","embeddable":true,"href":"https:\/\/www.ulisseland.com\/journal\/wp-json\/wp\/v2\/categories?post=10615"},{"taxonomy":"post_tag","embeddable":true,"href":"https:\/\/www.ulisseland.com\/journal\/wp-json\/wp\/v2\/tags?post=10615"}],"curies":[{"name":"wp","href":"https:\/\/api.w.org\/{rel}","templated":true}]}}