{"id":10516,"date":"2024-05-03T16:50:43","date_gmt":"2024-05-03T14:50:43","guid":{"rendered":"https:\/\/www.ulisseland.com\/journal\/?p=10516"},"modified":"2024-05-03T16:50:43","modified_gmt":"2024-05-03T14:50:43","slug":"la-zuppiera-di-nonna-francesca","status":"publish","type":"post","link":"https:\/\/www.ulisseland.com\/journal\/la-zuppiera-di-nonna-francesca\/","title":{"rendered":"La &#8220;zuppiera&#8221; di Nonna Francesca."},"content":{"rendered":"\n<figure class=\"wp-block-image size-large\"><a href=\"https:\/\/www.ulisseland.com\/journal\/wp-content\/uploads\/2024\/05\/Insalatiera.jpg\"><img loading=\"lazy\" decoding=\"async\" width=\"1024\" height=\"461\" src=\"https:\/\/www.ulisseland.com\/journal\/wp-content\/uploads\/2024\/05\/Insalatiera-1024x461.jpg\" alt=\"La zuppiera\" class=\"wp-image-10517\" srcset=\"https:\/\/www.ulisseland.com\/journal\/wp-content\/uploads\/2024\/05\/Insalatiera-1024x461.jpg 1024w, https:\/\/www.ulisseland.com\/journal\/wp-content\/uploads\/2024\/05\/Insalatiera-300x135.jpg 300w, https:\/\/www.ulisseland.com\/journal\/wp-content\/uploads\/2024\/05\/Insalatiera-768x345.jpg 768w, https:\/\/www.ulisseland.com\/journal\/wp-content\/uploads\/2024\/05\/Insalatiera-1536x691.jpg 1536w, https:\/\/www.ulisseland.com\/journal\/wp-content\/uploads\/2024\/05\/Insalatiera-850x382.jpg 850w, https:\/\/www.ulisseland.com\/journal\/wp-content\/uploads\/2024\/05\/Insalatiera.jpg 2048w\" sizes=\"auto, (max-width: 1024px) 100vw, 1024px\" \/><\/a><\/figure>\n\n\n\n<p>Testo indirizzato ai miei 6 Nipoti (Luigi, Francesca. Sveva, Karol e Adem Erasmo Cocomello).<\/p>\n\n\n\n<p>Faceva parte del suo corredo quando and\u00f2 in sposa ad Erasmo Antonio Cocomello nel 1940. Purtroppo durante la seconda guerra mondiale, nel 1942 &#8211; nonno Luigi aveva solo 6 mesi di vita, nonno Erasmo Antonio fu disperso a Cefalonia (Grecia) con la divisione Acqui (Aereonautica Italiana) e non torn\u00f2 pi\u00f9. La zuppiera rimase per lunghissimi anni riposta nella credenza, nell&#8217;angolo nascosto. Non ci furono per tanti anni le occasioni per esibirla in circostanze festose della Famiglia.\u00a0 Dal momento, per\u00f2, che Nonno Luigi spos\u00f2 Nonna Giuditta, la zuppiera torn\u00f2 sul tavolo, al centro e su una bellissima tovaglia ricamata. Non solo per fare sfoggia di se, bens\u00ec per aprirsi al convivio con tortellini in brodo fumanti.<\/p>\n\n\n\n<p>Questo vi suggerisce il concetto che gli oggetti a cui si \u00e8 profondamente legati rappresentano anche momenti significativi della vita. Fu cos\u00ec che per la mia Mamma, perduto il suo sposo, la \u201c<strong>zuppiera<\/strong>\u201d perse per lungo tempo il riferimento del momento delle sue nozze, per riacquistarlo dopo le mie.<\/p>\n\n\n\n\n\n<p class=\"has-text-align-center\"><\/p>\n\n\n","protected":false},"excerpt":{"rendered":"<p>Testo indirizzato ai miei 6 Nipoti (Luigi, Francesca. Sveva, Karol e Adem Erasmo Cocomello). Faceva parte del suo corredo quando and\u00f2 in sposa ad Erasmo Antonio Cocomello nel 1940. Purtroppo durante la seconda guerra mondiale, nel 1942 &#8211; nonno Luigi aveva solo 6 mesi di vita, nonno Erasmo Antonio fu disperso a Cefalonia (Grecia) con<\/p>\n","protected":false},"author":1,"featured_media":0,"comment_status":"closed","ping_status":"open","sticky":false,"template":"","format":"standard","meta":{"footnotes":""},"categories":[10,1],"tags":[],"class_list":["post-10516","post","type-post","status-publish","format-standard","hentry","category-editoriale","category-senza-categoria"],"_links":{"self":[{"href":"https:\/\/www.ulisseland.com\/journal\/wp-json\/wp\/v2\/posts\/10516","targetHints":{"allow":["GET"]}}],"collection":[{"href":"https:\/\/www.ulisseland.com\/journal\/wp-json\/wp\/v2\/posts"}],"about":[{"href":"https:\/\/www.ulisseland.com\/journal\/wp-json\/wp\/v2\/types\/post"}],"author":[{"embeddable":true,"href":"https:\/\/www.ulisseland.com\/journal\/wp-json\/wp\/v2\/users\/1"}],"replies":[{"embeddable":true,"href":"https:\/\/www.ulisseland.com\/journal\/wp-json\/wp\/v2\/comments?post=10516"}],"version-history":[{"count":2,"href":"https:\/\/www.ulisseland.com\/journal\/wp-json\/wp\/v2\/posts\/10516\/revisions"}],"predecessor-version":[{"id":11016,"href":"https:\/\/www.ulisseland.com\/journal\/wp-json\/wp\/v2\/posts\/10516\/revisions\/11016"}],"wp:attachment":[{"href":"https:\/\/www.ulisseland.com\/journal\/wp-json\/wp\/v2\/media?parent=10516"}],"wp:term":[{"taxonomy":"category","embeddable":true,"href":"https:\/\/www.ulisseland.com\/journal\/wp-json\/wp\/v2\/categories?post=10516"},{"taxonomy":"post_tag","embeddable":true,"href":"https:\/\/www.ulisseland.com\/journal\/wp-json\/wp\/v2\/tags?post=10516"}],"curies":[{"name":"wp","href":"https:\/\/api.w.org\/{rel}","templated":true}]}}