{"id":1022,"date":"2012-03-29T12:52:31","date_gmt":"2012-03-29T12:52:31","guid":{"rendered":"http:\/\/www.ulisseland.com\/journal\/?p=1022&#038;lang=it"},"modified":"2012-03-29T12:53:12","modified_gmt":"2012-03-29T12:53:12","slug":"priverno-campagna-di-sensibilizzazione-per-la-promozione-del-nuovo-sistema-di-raccolta-differenziata","status":"publish","type":"post","link":"https:\/\/www.ulisseland.com\/journal\/priverno-campagna-di-sensibilizzazione-per-la-promozione-del-nuovo-sistema-di-raccolta-differenziata\/","title":{"rendered":"PRIVERNO: Campagna di sensibilizzazione per la promozione del nuovo sistema di raccolta differenziata"},"content":{"rendered":"<p>Con la raccolta differenziata <em>\u2018Coltiviamo le buone abitudini\u2019<\/em> parte anche un\u2019altra iniziativa che il Comune di Priverno, in collaborazione con la DE VIZIA TRANSFER S.p.A., ha predisposto mediante un piano di azione per sensibilizzare, informare e promuovere il nuovo sistema di raccolta. Tra i destinatari della campagna non potevano mancare le scuole: questo per avvicinare, in modo molto semplice e divertente, gli alunni anche pi\u00f9 piccoli al nuovo meccanismo di gestione dei rifiuti.<\/p>\n<p>Si tratta di una campagna di sensibilizzazione che prevede due percorsi differenziati in base al coinvolgimento delle scuole primarie e secondarie. A curare gli interventi \u00e8 la societ\u00e0 \u2018Achabmed\u2019 che rientra nella rete nazionale di comunicazione ambientale.<\/p>\n<p>Nel primo caso, la campagna di sensibilizzazione si svolger\u00e0 in due giornate \u2013 il 3 e il 4 aprile \u2013 e preveder\u00e0 la consegna di materiale informativo ma solo dopo la visita dell\u2019eroe buono della raccolta differenziata: <em>Capitan ECO<\/em>. Si tratta di un personaggio che, vestito da pirata, girer\u00e0 nelle scuole e incontrer\u00e0 i bambini del I\u00b0 e del II\u00b0 circolo di Priverno per spiegare loro i passaggi fondamentali della raccolta, il suo funzionamento, la sua utilit\u00e0.<\/p>\n<p>Il calendario degli interventi di educazione ambientale delle scuole primarie sono cos\u00ec ripartiti:<\/p>\n<table border=\"0\" cellspacing=\"0\" cellpadding=\"0\">\n<tbody>\n<tr>\n<td valign=\"top\" width=\"217\">\n<p align=\"center\"><strong>DOVE<\/strong><\/p>\n<\/td>\n<td valign=\"top\" width=\"217\">\n<p align=\"center\"><strong>QUANDO<\/strong><\/p>\n<\/td>\n<td valign=\"top\" width=\"217\">\n<p align=\"center\"><strong>ORA<\/strong><\/p>\n<\/td>\n<\/tr>\n<tr>\n<td valign=\"top\" width=\"217\">\n<p align=\"center\"><strong>\u00a0<\/strong><\/p>\n<\/td>\n<td valign=\"top\" width=\"217\">\n<p align=\"center\"><strong>\u00a0<\/strong><\/p>\n<\/td>\n<td valign=\"top\" width=\"217\">\n<p align=\"center\"><strong>\u00a0<\/strong><\/p>\n<\/td>\n<\/tr>\n<tr>\n<td valign=\"top\" width=\"217\">II\u00b0 Circolo \u2018San Tommaso d\u2019Aquino\u2019 \u2013 Madonna del Calle<\/td>\n<td valign=\"top\" width=\"217\">\n<p align=\"center\">Marted\u00ec, 3 aprile<\/p>\n<\/td>\n<td valign=\"top\" width=\"217\">\n<p align=\"center\">Ore 9.00<\/p>\n<\/td>\n<\/tr>\n<tr>\n<td valign=\"top\" width=\"217\"><\/td>\n<td valign=\"top\" width=\"217\"><\/td>\n<td valign=\"top\" width=\"217\"><\/td>\n<\/tr>\n<tr>\n<td valign=\"top\" width=\"217\">I\u00b0 Circolo \u2018Don Andrea Santoro\u2019 Via Giacomo Matteotti<\/td>\n<td valign=\"top\" width=\"217\">\n<p align=\"center\">Marted\u00ec, 3 aprile<\/p>\n<\/td>\n<td valign=\"top\" width=\"217\">\n<p align=\"center\">Ore 10.00<\/p>\n<\/td>\n<\/tr>\n<tr>\n<td valign=\"top\" width=\"217\"><\/td>\n<td valign=\"top\" width=\"217\"><\/td>\n<td valign=\"top\" width=\"217\"><\/td>\n<\/tr>\n<tr>\n<td valign=\"top\" width=\"217\">II\u00b0 Circolo \u2018San Tommaso d\u2019Aquino\u2019 \u2013 Ceriara<\/td>\n<td valign=\"top\" width=\"217\">\n<p align=\"center\">Mercoled\u00ec, 4 aprile<\/p>\n<\/td>\n<td valign=\"top\" width=\"217\">\n<p align=\"center\">Ore 9.00<\/p>\n<\/td>\n<\/tr>\n<tr>\n<td valign=\"top\" width=\"217\"><\/td>\n<td valign=\"top\" width=\"217\"><\/td>\n<td valign=\"top\" width=\"217\"><\/td>\n<\/tr>\n<tr>\n<td valign=\"top\" width=\"217\">I\u00b0 Circolo \u2018Don Andrea Santoro\u2019 San Lorenzo<\/td>\n<td valign=\"top\" width=\"217\">\n<p align=\"center\">Mercoled\u00ec, 4 aprile<\/p>\n<\/td>\n<td valign=\"top\" width=\"217\">\n<p align=\"center\">Ore 10.00<\/p>\n<\/td>\n<\/tr>\n<\/tbody>\n<\/table>\n<p>Diverse le modalit\u00e0 di coinvolgimento per le scuole secondarie alle quali, proprio nella mattinata di oggi, \u00e8 stata inviata una lettera esplicativa per aderire al progetto di educazione ambientale \u2018<em>Diamo voce agli alunni\u2019<\/em> con cui gli alunni sono stati invitati a realizzare un elaborato sul tema della sostenibilit\u00e0 ambientale.<\/p>\n<p>Il contenuto degli elaborati \u00e8 libero dal momento che basta abbia attinenza con la raccolta differenziata. Gli alunni, per esempio, possono fornire consigli e indicazioni per conferire i rifiuti, suggerimenti all\u2019amministrazione comunale per un servizio migliore, idee per rendere la citt\u00e0 pi\u00f9 sostenibile. Volendo potrebbero anche suggerire slogan e idee pubblicitarie.<\/p>\n<p>Anche la forma degli elaborati \u00e8 libera nel senso che essi potranno essere realizzati con svariate modalit\u00e0 e tecniche: dal video, all\u2019articolo di giornale, dal saggio alla presentazione power point.<\/p>\n<p>Si potr\u00e0 partecipare anche in gruppo o per classe. Termine di scadenza per la presentazione degli elaborati \u00e8 il prossimo 23 aprile. Una volta raccolti, i progetti selezionati dovranno essere presentati personalmente dagli alunni nel corso di un eventi pubblico di chiusura della campagna di sensibilizzazione che verr\u00e0 realizzato presso la sede del Comune con data ancora da definire.<\/p>\n<p>Nei prossimi giorni, infine, saranno recapitati presso le scuole i \u2018LIBRICICLO\u2019 opuscoli informativi sulle tematiche del riciclo.<\/p>\n<p>Ricordiamo che la raccolta differenziata, con le modalit\u00e0 gi\u00e0 comunicate negli scorsi giorni, partir\u00e0 il prossimo 2 aprile nelle zone centrali della citt\u00e0 e il 2 maggio sul restante territorio comunale.<\/p>\n<p>&nbsp;<\/p>\n<p>Benedetta Castelli &#8211; Staff del Sindaco<\/p>\n<p><a href=\"http:\/\/www.virtualcity3d.it\/dettaglioluogo.aspx?id=69&amp;ddvalue=6&amp;comune=Priverno.db&amp;str=&amp;sferic=6330011_20090716_090622_000000_21553\"><img loading=\"lazy\" decoding=\"async\" class=\"alignleft size-full wp-image-1000\" title=\"Priverno_86x86\" src=\"https:\/\/www.ulisseland.com\/journal\/wp-content\/uploads\/2012\/03\/Priverno_86x86.png\" alt=\"\" width=\"86\" height=\"86\" srcset=\"https:\/\/www.ulisseland.com\/journal\/wp-content\/uploads\/2012\/03\/Priverno_86x86.png 86w, https:\/\/www.ulisseland.com\/journal\/wp-content\/uploads\/2012\/03\/Priverno_86x86-50x50.png 50w\" sizes=\"auto, (max-width: 86px) 100vw, 86px\" \/><\/a><\/p>\n","protected":false},"excerpt":{"rendered":"<p>Con la raccolta differenziata \u2018Coltiviamo le buone abitudini\u2019 parte anche un\u2019altra iniziativa che il Comune di Priverno, in collaborazione con la DE VIZIA TRANSFER S.p.A., ha predisposto mediante un piano di azione per sensibilizzare, informare e promuovere il nuovo sistema di raccolta. Tra i destinatari della campagna non potevano mancare le scuole: questo per avvicinare,<\/p>\n","protected":false},"author":1,"featured_media":0,"comment_status":"open","ping_status":"open","sticky":false,"template":"","format":"standard","meta":{"footnotes":""},"categories":[16,11],"tags":[],"class_list":["post-1022","post","type-post","status-publish","format-standard","hentry","category-comune-di-priverno","category-enti"],"_links":{"self":[{"href":"https:\/\/www.ulisseland.com\/journal\/wp-json\/wp\/v2\/posts\/1022","targetHints":{"allow":["GET"]}}],"collection":[{"href":"https:\/\/www.ulisseland.com\/journal\/wp-json\/wp\/v2\/posts"}],"about":[{"href":"https:\/\/www.ulisseland.com\/journal\/wp-json\/wp\/v2\/types\/post"}],"author":[{"embeddable":true,"href":"https:\/\/www.ulisseland.com\/journal\/wp-json\/wp\/v2\/users\/1"}],"replies":[{"embeddable":true,"href":"https:\/\/www.ulisseland.com\/journal\/wp-json\/wp\/v2\/comments?post=1022"}],"version-history":[{"count":4,"href":"https:\/\/www.ulisseland.com\/journal\/wp-json\/wp\/v2\/posts\/1022\/revisions"}],"predecessor-version":[{"id":1027,"href":"https:\/\/www.ulisseland.com\/journal\/wp-json\/wp\/v2\/posts\/1022\/revisions\/1027"}],"wp:attachment":[{"href":"https:\/\/www.ulisseland.com\/journal\/wp-json\/wp\/v2\/media?parent=1022"}],"wp:term":[{"taxonomy":"category","embeddable":true,"href":"https:\/\/www.ulisseland.com\/journal\/wp-json\/wp\/v2\/categories?post=1022"},{"taxonomy":"post_tag","embeddable":true,"href":"https:\/\/www.ulisseland.com\/journal\/wp-json\/wp\/v2\/tags?post=1022"}],"curies":[{"name":"wp","href":"https:\/\/api.w.org\/{rel}","templated":true}]}}