{"id":1007,"date":"2012-03-29T11:30:48","date_gmt":"2012-03-29T11:30:48","guid":{"rendered":"http:\/\/www.ulisseland.com\/journal\/?p=1007&#038;lang=it"},"modified":"2015-09-07T03:40:28","modified_gmt":"2015-09-07T01:40:28","slug":"1007","status":"publish","type":"post","link":"https:\/\/www.ulisseland.com\/journal\/1007\/","title":{"rendered":"PRIVERNO: Il gioved\u00ec a TEATRO &#8211; secondo appuntamento"},"content":{"rendered":"<p><a href=\"https:\/\/www.ulisseland.com\/journal\/wp-content\/uploads\/2012\/03\/locandina-stagione-teatrale-2012-e1333019820931.jpg\"><img loading=\"lazy\" decoding=\"async\" class=\"alignleft  wp-image-995\" title=\"locandina stagione teatrale 2012\" src=\"https:\/\/www.ulisseland.com\/journal\/wp-content\/uploads\/2012\/03\/locandina-stagione-teatrale-2012-e1333019820931.jpg\" alt=\"\" width=\"167\" height=\"234\" \/><\/a>Secondo appuntamento con la rassegna teatrale amatoriale promossa dal Comune di Priverno <strong><em>\u2018Il gioved\u00ec a TEATRO\u2019<\/em><\/strong>.<\/p>\n<p>Dopo il grande successo riscosso dalla compagnia \u2018Le Colonne\u2019 con l\u2019opera <em>Provaci ancora Sam<\/em>, gioved\u00ec 29, alle ore 21.00 sar\u00e0 la volta di <strong><em>Filumena Marturano<\/em><\/strong><em>,<\/em> un adattamento della commedia di Eduardo De Filippo messa in scena dall\u2019associazione culturale teatrale \u2018Diritto &amp; Rovescio\u2019 per la regia di Marina Martini.<\/p>\n<p>E\u2019 una delle opere di Eduardo pi\u00f9 note e riadattate negli anni. Filumena, compagna di Domenico Soriano da 25 anni, ha un passato burrascoso. Ex prostituta, nonostante la lunga convivenza con Domenico, non pu\u00f2 vantare nei suoi confronti alcun diritto perch\u00e9, di fatto, non \u00e8 sua moglie. Ma decide di prendersi il diritto che le spetta di natura con l\u2019inganno fingendosi gravemente malata.<\/p>\n<p>Domenico la crede davvero sul punto di morte e decide di sposarla. Ed \u00e8 qui che comincia il bello poich\u00e9 Filumena che, improvvisamente si riprende, gli svela di essere madre di tre figli dei quali uno concepito con lui. Per non danneggiare nessuno dei tre, per\u00f2, mantiene segreta l\u2019identit\u00e0 del figlio di Domenico il quale furioso per essere stato vittima dell\u2019inganno e costretto a sposare la donna, cerca di scoprire la verit\u00e0 ma senza risultati.<a href=\"http:\/\/www.jumpingcastleonsale.com.au\/water-balls-p-956.html\">water balls for sale<\/a><\/p>\n<p><strong><em>Filumena Marturano<\/em><\/strong><\/p>\n<p>Commedia in tre atti di Eduardo DE Filippo<\/p>\n<p>a cura dell\u2019associazione culturale teatrale \u2018Diritto &amp; Rovescio\u2019<\/p>\n<p>per la regia di Marina Martini<strong>\u00a0<\/strong><\/p>\n<p><strong>con <\/strong><\/p>\n<p>Marina Martini \u2013 Filumena Marturano<br \/>\nMaurizio Lattanzi \u2013 Domenico Soriano<br \/>\nGianni Pucci \u2013 Alfredo Amoroso, fedele servitore di Domenico<br \/>\nLetizia Giorgi \u2013 Rosalia Solimene, anziana governante di Filumena<br \/>\nSilvia Iacoacci \u2013 Diana, amante di Domenico<br \/>\nEnrica Onorati \u2013 Lucia, la cameriera<br \/>\nDanilo Paniccia \u2013 Riccardo, il camiciaio<br \/>\nRoberto D\u2019Atino \u2013 Umberto, il ragioniere<br \/>\nFernando Cardinali \u2013 Michele, l\u2019operaio<br \/>\nPietro Giusti \u2013 l\u2019avvocato Nocella<br \/>\nDanilo Paniccia \u2013 Il facchino<\/p>\n<p>La rassegna teatrale seguir\u00e0 poi il calendario come riportato.<\/p>\n<p>Gioved\u00ec 12 aprile\u00a0 &#8211; ore 21.00<\/p>\n<p><strong>\u201cLE ASTUZIE DI COVIELLO<\/strong>\u201d<\/p>\n<p>a cura dell\u2019associazione culturale \u2018GIUSEPPE MORETTI\u2019<\/p>\n<p>scritto e diretto da Francesco Gigliotti<\/p>\n<p>______________________<\/p>\n<p>Gioved\u00ec 19 aprile\u00a0 &#8211; ore 21.00<\/p>\n<p><strong>\u201cC\u2019ERA UNA VOLTA LA STORIA DI CAPPUCCETTO ROSSO\u201d<\/strong><\/p>\n<p>a cura del gruppo teatrale \u2018PURPURIN\u2019<\/p>\n<p>______________________<\/p>\n<p>Gioved\u00ec 26 aprile\u00a0 &#8211; ore 21.00<\/p>\n<p><strong>\u201cASSOLO\u201d<\/strong><\/p>\n<p>a cura dell\u2019associazione culturale \u2018GIUSEPPE MORETTI\u2019<\/p>\n<p>scritto da Elisabetta Femiano<\/p>\n<p>diretto da Danilo Proia<\/p>\n<p>______________________<\/p>\n<p>Per informazioni \u00e8 possibile contattare i numeri di telefono 0773. 912204\/5\/9 e 0773912501\/9.<\/p>\n<p>&nbsp;<\/p>\n<p>Benedetta Castelli &#8211; Staff del Sindaco<\/p>\n<p><a href=\"http:\/\/www.virtualcity3d.it\/dettaglioluogo.aspx?id=69&amp;ddvalue=6&amp;comune=Priverno.db&amp;str=&amp;sferic=6330011_20090716_090622_000000_21553\"><img loading=\"lazy\" decoding=\"async\" class=\"alignleft size-full wp-image-1000\" title=\"Priverno_86x86\" src=\"https:\/\/www.ulisseland.com\/journal\/wp-content\/uploads\/2012\/03\/Priverno_86x86.png\" alt=\"\" width=\"86\" height=\"86\" srcset=\"https:\/\/www.ulisseland.com\/journal\/wp-content\/uploads\/2012\/03\/Priverno_86x86.png 86w, https:\/\/www.ulisseland.com\/journal\/wp-content\/uploads\/2012\/03\/Priverno_86x86-50x50.png 50w\" sizes=\"auto, (max-width: 86px) 100vw, 86px\" \/><\/a><\/p>\n","protected":false},"excerpt":{"rendered":"<p>Secondo appuntamento con la rassegna teatrale amatoriale promossa dal Comune di Priverno \u2018Il gioved\u00ec a TEATRO\u2019. Dopo il grande successo riscosso dalla compagnia \u2018Le Colonne\u2019 con l\u2019opera Provaci ancora Sam, gioved\u00ec 29, alle ore 21.00 sar\u00e0 la volta di Filumena Marturano, un adattamento della commedia di Eduardo De Filippo messa in scena dall\u2019associazione culturale teatrale<\/p>\n","protected":false},"author":1,"featured_media":0,"comment_status":"open","ping_status":"open","sticky":false,"template":"","format":"standard","meta":{"footnotes":""},"categories":[16,12,11],"tags":[],"class_list":["post-1007","post","type-post","status-publish","format-standard","hentry","category-comune-di-priverno","category-cultura","category-enti"],"_links":{"self":[{"href":"https:\/\/www.ulisseland.com\/journal\/wp-json\/wp\/v2\/posts\/1007","targetHints":{"allow":["GET"]}}],"collection":[{"href":"https:\/\/www.ulisseland.com\/journal\/wp-json\/wp\/v2\/posts"}],"about":[{"href":"https:\/\/www.ulisseland.com\/journal\/wp-json\/wp\/v2\/types\/post"}],"author":[{"embeddable":true,"href":"https:\/\/www.ulisseland.com\/journal\/wp-json\/wp\/v2\/users\/1"}],"replies":[{"embeddable":true,"href":"https:\/\/www.ulisseland.com\/journal\/wp-json\/wp\/v2\/comments?post=1007"}],"version-history":[{"count":8,"href":"https:\/\/www.ulisseland.com\/journal\/wp-json\/wp\/v2\/posts\/1007\/revisions"}],"predecessor-version":[{"id":8152,"href":"https:\/\/www.ulisseland.com\/journal\/wp-json\/wp\/v2\/posts\/1007\/revisions\/8152"}],"wp:attachment":[{"href":"https:\/\/www.ulisseland.com\/journal\/wp-json\/wp\/v2\/media?parent=1007"}],"wp:term":[{"taxonomy":"category","embeddable":true,"href":"https:\/\/www.ulisseland.com\/journal\/wp-json\/wp\/v2\/categories?post=1007"},{"taxonomy":"post_tag","embeddable":true,"href":"https:\/\/www.ulisseland.com\/journal\/wp-json\/wp\/v2\/tags?post=1007"}],"curies":[{"name":"wp","href":"https:\/\/api.w.org\/{rel}","templated":true}]}}